{"id":114074,"date":"2023-01-12T16:11:15","date_gmt":"2023-01-12T19:11:15","guid":{"rendered":"https:\/\/eldiariodesanpedro.com.ar\/sitio\/?p=114074"},"modified":"2023-01-12T16:11:17","modified_gmt":"2023-01-12T19:11:17","slug":"se-encontro-una-motocicleta-abandonado-en-la-via-publica","status":"publish","type":"post","link":"https:\/\/eldiariodesanpedro.com.ar\/sitio\/se-encontro-una-motocicleta-abandonado-en-la-via-publica\/","title":{"rendered":"Se encontr\u00f3 una motocicleta abandonado en la v\u00eda p\u00fablica"},"content":{"rendered":"<!-- VideographyWP Plugin Message: Automatic video embedding prevented by plugin options. -->\n\n<p>En la jornada de ayer promediando las 22 horas el personal policial de la comisaria local \u00a0en calle Sarmiento y San Martin, procede hallazgo de una motocicleta Guerrero Magic Econo G 50, la cual se encontraba en estacionada apoyada sobre cord\u00f3n, sin elementos de seguridad, sin aparentar signos de violencia, por lo que es trasladada hacia la dependencia policial fines de resguardo de la misma. \u00a0<\/p>\n","protected":false},"excerpt":{"rendered":"<p>En la jornada de ayer promediando las 22 horas el personal policial de la comisaria local \u00a0en calle Sarmiento y San Martin, procede hallazgo de una motocicleta Guerrero Magic Econo G 50, la cual se encontraba en estacionada apoyada sobre cord\u00f3n, sin elementos de seguridad, sin aparentar signos de violencia, por lo que es trasladada [&hellip;]<\/p>\n","protected":false},"author":4,"featured_media":114075,"comment_status":"closed","ping_status":"closed","sticky":false,"template":"","format":"standard","meta":{"om_disable_all_campaigns":false,"_jetpack_memberships_contains_paid_content":false,"footnotes":""},"categories":[2],"tags":[197,696,33,19],"class_list":["post-114074","post","type-post","status-publish","format-standard","has-post-thumbnail","hentry","category-locales","tag-buenos-aires","tag-interes-general","tag-locales","tag-san-pedro"],"aioseo_notices":[],"gutentor_comment":0,"jetpack_featured_media_url":"https:\/\/eldiariodesanpedro.com.ar\/sitio\/wp-content\/uploads\/2023\/01\/medida-2-12.jpg","jetpack_shortlink":"https:\/\/wp.me\/p6RhLt-tFU","jetpack_sharing_enabled":true,"_links":{"self":[{"href":"https:\/\/eldiariodesanpedro.com.ar\/sitio\/wp-json\/wp\/v2\/posts\/114074","targetHints":{"allow":["GET"]}}],"collection":[{"href":"https:\/\/eldiariodesanpedro.com.ar\/sitio\/wp-json\/wp\/v2\/posts"}],"about":[{"href":"https:\/\/eldiariodesanpedro.com.ar\/sitio\/wp-json\/wp\/v2\/types\/post"}],"author":[{"embeddable":true,"href":"https:\/\/eldiariodesanpedro.com.ar\/sitio\/wp-json\/wp\/v2\/users\/4"}],"replies":[{"embeddable":true,"href":"https:\/\/eldiariodesanpedro.com.ar\/sitio\/wp-json\/wp\/v2\/comments?post=114074"}],"version-history":[{"count":1,"href":"https:\/\/eldiariodesanpedro.com.ar\/sitio\/wp-json\/wp\/v2\/posts\/114074\/revisions"}],"predecessor-version":[{"id":114076,"href":"https:\/\/eldiariodesanpedro.com.ar\/sitio\/wp-json\/wp\/v2\/posts\/114074\/revisions\/114076"}],"wp:featuredmedia":[{"embeddable":true,"href":"https:\/\/eldiariodesanpedro.com.ar\/sitio\/wp-json\/wp\/v2\/media\/114075"}],"wp:attachment":[{"href":"https:\/\/eldiariodesanpedro.com.ar\/sitio\/wp-json\/wp\/v2\/media?parent=114074"}],"wp:term":[{"taxonomy":"category","embeddable":true,"href":"https:\/\/eldiariodesanpedro.com.ar\/sitio\/wp-json\/wp\/v2\/categories?post=114074"},{"taxonomy":"post_tag","embeddable":true,"href":"https:\/\/eldiariodesanpedro.com.ar\/sitio\/wp-json\/wp\/v2\/tags?post=114074"}],"curies":[{"name":"wp","href":"https:\/\/api.w.org\/{rel}","templated":true}]}}