{"id":114071,"date":"2023-01-12T16:02:50","date_gmt":"2023-01-12T19:02:50","guid":{"rendered":"https:\/\/eldiariodesanpedro.com.ar\/sitio\/?p=114071"},"modified":"2023-01-12T16:02:52","modified_gmt":"2023-01-12T19:02:52","slug":"ciudadano-aprehendido-por-amenazar-de-muerte-a-su-ex-pareja","status":"publish","type":"post","link":"https:\/\/eldiariodesanpedro.com.ar\/sitio\/ciudadano-aprehendido-por-amenazar-de-muerte-a-su-ex-pareja\/","title":{"rendered":"Ciudadano aprehendido por amenazar de muerte a su ex pareja"},"content":{"rendered":"<!-- VideographyWP Plugin Message: Automatic video embedding prevented by plugin options. -->\n\n<p>En el d\u00eda de ayer promediando las 09 hs el personal policial de la comisaria local realizando recorridas de prevenci\u00f3n se hace presente en calle Tucuman al 900 aproximadamente este medio procedi\u00f3 a la aprehensi\u00f3n de un ciudadano de 41 a\u00f1os, quien en presencia del personal amenaza de muerte a su ex pareja de 30 a\u00f1os. Por lo que la \u00a0v\u00edctima es trasladada y asistida en la Comisaria de la Mujer y la Familia.-<\/p>\n\n\n\n<p>Interviene la UFI N\u00b011 disponiendo que el masculino sea notificado de la formaci\u00f3n de la causa, permaneciendo alojado en la sede.<\/p>\n","protected":false},"excerpt":{"rendered":"<p>En el d\u00eda de ayer promediando las 09 hs el personal policial de la comisaria local realizando recorridas de prevenci\u00f3n se hace presente en calle Tucuman al 900 aproximadamente este medio procedi\u00f3 a la aprehensi\u00f3n de un ciudadano de 41 a\u00f1os, quien en presencia del personal amenaza de muerte a su ex pareja de 30 [&hellip;]<\/p>\n","protected":false},"author":4,"featured_media":114072,"comment_status":"closed","ping_status":"closed","sticky":false,"template":"","format":"standard","meta":{"om_disable_all_campaigns":false,"_jetpack_memberships_contains_paid_content":false,"footnotes":""},"categories":[2],"tags":[197,33,95,19],"class_list":["post-114071","post","type-post","status-publish","format-standard","has-post-thumbnail","hentry","category-locales","tag-buenos-aires","tag-locales","tag-policiales","tag-san-pedro"],"aioseo_notices":[],"gutentor_comment":0,"jetpack_featured_media_url":"https:\/\/eldiariodesanpedro.com.ar\/sitio\/wp-content\/uploads\/2023\/01\/medida-2-11.jpg","jetpack_shortlink":"https:\/\/wp.me\/p6RhLt-tFR","jetpack_sharing_enabled":true,"_links":{"self":[{"href":"https:\/\/eldiariodesanpedro.com.ar\/sitio\/wp-json\/wp\/v2\/posts\/114071","targetHints":{"allow":["GET"]}}],"collection":[{"href":"https:\/\/eldiariodesanpedro.com.ar\/sitio\/wp-json\/wp\/v2\/posts"}],"about":[{"href":"https:\/\/eldiariodesanpedro.com.ar\/sitio\/wp-json\/wp\/v2\/types\/post"}],"author":[{"embeddable":true,"href":"https:\/\/eldiariodesanpedro.com.ar\/sitio\/wp-json\/wp\/v2\/users\/4"}],"replies":[{"embeddable":true,"href":"https:\/\/eldiariodesanpedro.com.ar\/sitio\/wp-json\/wp\/v2\/comments?post=114071"}],"version-history":[{"count":1,"href":"https:\/\/eldiariodesanpedro.com.ar\/sitio\/wp-json\/wp\/v2\/posts\/114071\/revisions"}],"predecessor-version":[{"id":114073,"href":"https:\/\/eldiariodesanpedro.com.ar\/sitio\/wp-json\/wp\/v2\/posts\/114071\/revisions\/114073"}],"wp:featuredmedia":[{"embeddable":true,"href":"https:\/\/eldiariodesanpedro.com.ar\/sitio\/wp-json\/wp\/v2\/media\/114072"}],"wp:attachment":[{"href":"https:\/\/eldiariodesanpedro.com.ar\/sitio\/wp-json\/wp\/v2\/media?parent=114071"}],"wp:term":[{"taxonomy":"category","embeddable":true,"href":"https:\/\/eldiariodesanpedro.com.ar\/sitio\/wp-json\/wp\/v2\/categories?post=114071"},{"taxonomy":"post_tag","embeddable":true,"href":"https:\/\/eldiariodesanpedro.com.ar\/sitio\/wp-json\/wp\/v2\/tags?post=114071"}],"curies":[{"name":"wp","href":"https:\/\/api.w.org\/{rel}","templated":true}]}}