{"id":114039,"date":"2023-01-10T21:45:38","date_gmt":"2023-01-11T00:45:38","guid":{"rendered":"https:\/\/eldiariodesanpedro.com.ar\/sitio\/?p=114039"},"modified":"2023-01-10T21:50:47","modified_gmt":"2023-01-11T00:50:47","slug":"cadenazos-y-cuchillazos-entre-dos-jovenes-en-la-plaza-la-amistad","status":"publish","type":"post","link":"https:\/\/eldiariodesanpedro.com.ar\/sitio\/cadenazos-y-cuchillazos-entre-dos-jovenes-en-la-plaza-la-amistad\/","title":{"rendered":"Cadenazos y cuchillazos entre dos j\u00f3venes en la plaza \u00abla amistad\u00bb"},"content":{"rendered":"<!-- VideographyWP Plugin Message: Automatic video embedding prevented by plugin options. -->\n\n<p>En la tarde noche de hoy dos j\u00f3venes se pelearon en la v\u00eda p\u00fablica terminando uno con herida corto punzante y el otro aprehendido.<\/p>\n\n\n\n<p>El hecho ocurri\u00f3 alrededor de las 20:30 hs en la esquina de Quiroga y Av. 11 de Septiembre frente a la Plaza \u201cLa Amistad\u201d, donde dos personas que se encontraron en ese lugar comenzaron con una pelea verbal y terminaron a las trompadas, incluso con arma blanca y cadenas.<\/p>\n\n\n\n<p>Se tratar\u00eda de problemas de larga data que dos j\u00f3venes estuvieron discutiendo y peleando en la v\u00eda p\u00fablica.<\/p>\n\n\n\n<p>Uno de los j\u00f3venes tuvo que ser trasladado por el SAME ya que presentaba una herida en la espalda con arma blanca pero que en primera medida no ser\u00eda de gravedad pero se le realizar\u00e1n estudios.&nbsp;<\/p>\n\n\n\n<p>Inclusive una vecina del lugar denunci\u00f3 que estos dos sujetos le rompieron el auto cuando se encontraban golpeandose arriba del capot.<\/p>\n\n\n\n<p>La polic\u00eda secuestr\u00f3 dos motocicletas que ser\u00edan de los individuos.<\/p>\n\n\n\n<figure class=\"wp-block-image size-large\"><img decoding=\"async\" width=\"1024\" height=\"497\" data-attachment-id=\"114044\" data-permalink=\"https:\/\/eldiariodesanpedro.com.ar\/sitio\/cadenazos-y-cuchillazos-entre-dos-jovenes-en-la-plaza-la-amistad\/whatsapp-image-2023-01-10-at-21-30-21\/\" data-orig-file=\"https:\/\/eldiariodesanpedro.com.ar\/sitio\/wp-content\/uploads\/2023\/01\/WhatsApp-Image-2023-01-10-at-21.30.21.jpeg\" data-orig-size=\"1200,583\" data-comments-opened=\"0\" data-image-meta=\"{&quot;aperture&quot;:&quot;0&quot;,&quot;credit&quot;:&quot;&quot;,&quot;camera&quot;:&quot;&quot;,&quot;caption&quot;:&quot;&quot;,&quot;created_timestamp&quot;:&quot;0&quot;,&quot;copyright&quot;:&quot;&quot;,&quot;focal_length&quot;:&quot;0&quot;,&quot;iso&quot;:&quot;0&quot;,&quot;shutter_speed&quot;:&quot;0&quot;,&quot;title&quot;:&quot;&quot;,&quot;orientation&quot;:&quot;0&quot;}\" data-image-title=\"WhatsApp Image 2023-01-10 at 21.30.21\" data-image-description=\"\" data-image-caption=\"\" data-large-file=\"https:\/\/eldiariodesanpedro.com.ar\/sitio\/wp-content\/uploads\/2023\/01\/WhatsApp-Image-2023-01-10-at-21.30.21-1024x497.jpeg\" data-src=\"https:\/\/eldiariodesanpedro.com.ar\/sitio\/wp-content\/uploads\/2023\/01\/WhatsApp-Image-2023-01-10-at-21.30.21-1024x497.jpeg\" alt=\"\" class=\"wp-image-114044 lazyload\" data-srcset=\"https:\/\/eldiariodesanpedro.com.ar\/sitio\/wp-content\/uploads\/2023\/01\/WhatsApp-Image-2023-01-10-at-21.30.21-1024x497.jpeg 1024w, https:\/\/eldiariodesanpedro.com.ar\/sitio\/wp-content\/uploads\/2023\/01\/WhatsApp-Image-2023-01-10-at-21.30.21-300x146.jpeg 300w, https:\/\/eldiariodesanpedro.com.ar\/sitio\/wp-content\/uploads\/2023\/01\/WhatsApp-Image-2023-01-10-at-21.30.21-768x373.jpeg 768w, https:\/\/eldiariodesanpedro.com.ar\/sitio\/wp-content\/uploads\/2023\/01\/WhatsApp-Image-2023-01-10-at-21.30.21.jpeg 1200w\" data-sizes=\"(max-width: 1024px) 100vw, 1024px\" src=\"data:image\/svg+xml;base64,PHN2ZyB3aWR0aD0iMSIgaGVpZ2h0PSIxIiB4bWxucz0iaHR0cDovL3d3dy53My5vcmcvMjAwMC9zdmciPjwvc3ZnPg==\" style=\"--smush-placeholder-width: 1024px; --smush-placeholder-aspect-ratio: 1024\/497;\" \/><\/figure>\n\n\n\n<figure class=\"wp-block-image size-large\"><img decoding=\"async\" width=\"1024\" height=\"497\" data-attachment-id=\"114042\" data-permalink=\"https:\/\/eldiariodesanpedro.com.ar\/sitio\/cadenazos-y-cuchillazos-entre-dos-jovenes-en-la-plaza-la-amistad\/whatsapp-image-2023-01-10-at-21-30-07\/\" data-orig-file=\"https:\/\/eldiariodesanpedro.com.ar\/sitio\/wp-content\/uploads\/2023\/01\/WhatsApp-Image-2023-01-10-at-21.30.07.jpeg\" data-orig-size=\"1200,583\" data-comments-opened=\"0\" data-image-meta=\"{&quot;aperture&quot;:&quot;0&quot;,&quot;credit&quot;:&quot;&quot;,&quot;camera&quot;:&quot;&quot;,&quot;caption&quot;:&quot;&quot;,&quot;created_timestamp&quot;:&quot;0&quot;,&quot;copyright&quot;:&quot;&quot;,&quot;focal_length&quot;:&quot;0&quot;,&quot;iso&quot;:&quot;0&quot;,&quot;shutter_speed&quot;:&quot;0&quot;,&quot;title&quot;:&quot;&quot;,&quot;orientation&quot;:&quot;0&quot;}\" data-image-title=\"WhatsApp Image 2023-01-10 at 21.30.07\" data-image-description=\"\" data-image-caption=\"\" data-large-file=\"https:\/\/eldiariodesanpedro.com.ar\/sitio\/wp-content\/uploads\/2023\/01\/WhatsApp-Image-2023-01-10-at-21.30.07-1024x497.jpeg\" data-src=\"https:\/\/eldiariodesanpedro.com.ar\/sitio\/wp-content\/uploads\/2023\/01\/WhatsApp-Image-2023-01-10-at-21.30.07-1024x497.jpeg\" alt=\"\" class=\"wp-image-114042 lazyload\" data-srcset=\"https:\/\/eldiariodesanpedro.com.ar\/sitio\/wp-content\/uploads\/2023\/01\/WhatsApp-Image-2023-01-10-at-21.30.07-1024x497.jpeg 1024w, https:\/\/eldiariodesanpedro.com.ar\/sitio\/wp-content\/uploads\/2023\/01\/WhatsApp-Image-2023-01-10-at-21.30.07-300x146.jpeg 300w, https:\/\/eldiariodesanpedro.com.ar\/sitio\/wp-content\/uploads\/2023\/01\/WhatsApp-Image-2023-01-10-at-21.30.07-768x373.jpeg 768w, https:\/\/eldiariodesanpedro.com.ar\/sitio\/wp-content\/uploads\/2023\/01\/WhatsApp-Image-2023-01-10-at-21.30.07.jpeg 1200w\" data-sizes=\"(max-width: 1024px) 100vw, 1024px\" src=\"data:image\/svg+xml;base64,PHN2ZyB3aWR0aD0iMSIgaGVpZ2h0PSIxIiB4bWxucz0iaHR0cDovL3d3dy53My5vcmcvMjAwMC9zdmciPjwvc3ZnPg==\" style=\"--smush-placeholder-width: 1024px; --smush-placeholder-aspect-ratio: 1024\/497;\" \/><\/figure>\n\n\n\n<figure class=\"wp-block-image size-large\"><img decoding=\"async\" width=\"1024\" height=\"497\" data-attachment-id=\"114041\" data-permalink=\"https:\/\/eldiariodesanpedro.com.ar\/sitio\/cadenazos-y-cuchillazos-entre-dos-jovenes-en-la-plaza-la-amistad\/whatsapp-image-2023-01-10-at-21-30-06\/\" data-orig-file=\"https:\/\/eldiariodesanpedro.com.ar\/sitio\/wp-content\/uploads\/2023\/01\/WhatsApp-Image-2023-01-10-at-21.30.06.jpeg\" data-orig-size=\"1200,583\" data-comments-opened=\"0\" data-image-meta=\"{&quot;aperture&quot;:&quot;0&quot;,&quot;credit&quot;:&quot;&quot;,&quot;camera&quot;:&quot;&quot;,&quot;caption&quot;:&quot;&quot;,&quot;created_timestamp&quot;:&quot;0&quot;,&quot;copyright&quot;:&quot;&quot;,&quot;focal_length&quot;:&quot;0&quot;,&quot;iso&quot;:&quot;0&quot;,&quot;shutter_speed&quot;:&quot;0&quot;,&quot;title&quot;:&quot;&quot;,&quot;orientation&quot;:&quot;0&quot;}\" data-image-title=\"WhatsApp Image 2023-01-10 at 21.30.06\" data-image-description=\"\" data-image-caption=\"\" data-large-file=\"https:\/\/eldiariodesanpedro.com.ar\/sitio\/wp-content\/uploads\/2023\/01\/WhatsApp-Image-2023-01-10-at-21.30.06-1024x497.jpeg\" data-src=\"https:\/\/eldiariodesanpedro.com.ar\/sitio\/wp-content\/uploads\/2023\/01\/WhatsApp-Image-2023-01-10-at-21.30.06-1024x497.jpeg\" alt=\"\" class=\"wp-image-114041 lazyload\" data-srcset=\"https:\/\/eldiariodesanpedro.com.ar\/sitio\/wp-content\/uploads\/2023\/01\/WhatsApp-Image-2023-01-10-at-21.30.06-1024x497.jpeg 1024w, https:\/\/eldiariodesanpedro.com.ar\/sitio\/wp-content\/uploads\/2023\/01\/WhatsApp-Image-2023-01-10-at-21.30.06-300x146.jpeg 300w, https:\/\/eldiariodesanpedro.com.ar\/sitio\/wp-content\/uploads\/2023\/01\/WhatsApp-Image-2023-01-10-at-21.30.06-768x373.jpeg 768w, https:\/\/eldiariodesanpedro.com.ar\/sitio\/wp-content\/uploads\/2023\/01\/WhatsApp-Image-2023-01-10-at-21.30.06.jpeg 1200w\" data-sizes=\"(max-width: 1024px) 100vw, 1024px\" src=\"data:image\/svg+xml;base64,PHN2ZyB3aWR0aD0iMSIgaGVpZ2h0PSIxIiB4bWxucz0iaHR0cDovL3d3dy53My5vcmcvMjAwMC9zdmciPjwvc3ZnPg==\" style=\"--smush-placeholder-width: 1024px; --smush-placeholder-aspect-ratio: 1024\/497;\" \/><\/figure>\n\n\n\n<figure class=\"wp-block-image size-large\"><img decoding=\"async\" width=\"1024\" height=\"497\" data-attachment-id=\"114040\" data-permalink=\"https:\/\/eldiariodesanpedro.com.ar\/sitio\/cadenazos-y-cuchillazos-entre-dos-jovenes-en-la-plaza-la-amistad\/whatsapp-image-2023-01-10-at-21-30-06-1\/\" data-orig-file=\"https:\/\/eldiariodesanpedro.com.ar\/sitio\/wp-content\/uploads\/2023\/01\/WhatsApp-Image-2023-01-10-at-21.30.06-1.jpeg\" data-orig-size=\"1200,583\" data-comments-opened=\"0\" data-image-meta=\"{&quot;aperture&quot;:&quot;0&quot;,&quot;credit&quot;:&quot;&quot;,&quot;camera&quot;:&quot;&quot;,&quot;caption&quot;:&quot;&quot;,&quot;created_timestamp&quot;:&quot;0&quot;,&quot;copyright&quot;:&quot;&quot;,&quot;focal_length&quot;:&quot;0&quot;,&quot;iso&quot;:&quot;0&quot;,&quot;shutter_speed&quot;:&quot;0&quot;,&quot;title&quot;:&quot;&quot;,&quot;orientation&quot;:&quot;0&quot;}\" data-image-title=\"WhatsApp Image 2023-01-10 at 21.30.06 (1)\" data-image-description=\"\" data-image-caption=\"\" data-large-file=\"https:\/\/eldiariodesanpedro.com.ar\/sitio\/wp-content\/uploads\/2023\/01\/WhatsApp-Image-2023-01-10-at-21.30.06-1-1024x497.jpeg\" data-src=\"https:\/\/eldiariodesanpedro.com.ar\/sitio\/wp-content\/uploads\/2023\/01\/WhatsApp-Image-2023-01-10-at-21.30.06-1-1024x497.jpeg\" alt=\"\" class=\"wp-image-114040 lazyload\" data-srcset=\"https:\/\/eldiariodesanpedro.com.ar\/sitio\/wp-content\/uploads\/2023\/01\/WhatsApp-Image-2023-01-10-at-21.30.06-1-1024x497.jpeg 1024w, https:\/\/eldiariodesanpedro.com.ar\/sitio\/wp-content\/uploads\/2023\/01\/WhatsApp-Image-2023-01-10-at-21.30.06-1-300x146.jpeg 300w, https:\/\/eldiariodesanpedro.com.ar\/sitio\/wp-content\/uploads\/2023\/01\/WhatsApp-Image-2023-01-10-at-21.30.06-1-768x373.jpeg 768w, https:\/\/eldiariodesanpedro.com.ar\/sitio\/wp-content\/uploads\/2023\/01\/WhatsApp-Image-2023-01-10-at-21.30.06-1.jpeg 1200w\" data-sizes=\"(max-width: 1024px) 100vw, 1024px\" src=\"data:image\/svg+xml;base64,PHN2ZyB3aWR0aD0iMSIgaGVpZ2h0PSIxIiB4bWxucz0iaHR0cDovL3d3dy53My5vcmcvMjAwMC9zdmciPjwvc3ZnPg==\" style=\"--smush-placeholder-width: 1024px; --smush-placeholder-aspect-ratio: 1024\/497;\" \/><figcaption>El auto en el que terminaron peleando sobre el capot<\/figcaption><\/figure>\n","protected":false},"excerpt":{"rendered":"<p>En la tarde noche de hoy dos j\u00f3venes se pelearon en la v\u00eda p\u00fablica terminando uno con herida corto punzante y el otro aprehendido. El hecho ocurri\u00f3 alrededor de las 20:30 hs en la esquina de Quiroga y Av. 11 de Septiembre frente a la Plaza \u201cLa Amistad\u201d, donde dos personas que se encontraron en [&hellip;]<\/p>\n","protected":false},"author":4,"featured_media":114043,"comment_status":"closed","ping_status":"closed","sticky":false,"template":"","format":"standard","meta":{"om_disable_all_campaigns":false,"_jetpack_memberships_contains_paid_content":false,"footnotes":""},"categories":[50,2,103],"tags":[197,33,95,19],"class_list":["post-114039","post","type-post","status-publish","format-standard","has-post-thumbnail","hentry","category-destacadas","category-locales","category-policiales-locales","tag-buenos-aires","tag-locales","tag-policiales","tag-san-pedro"],"aioseo_notices":[],"gutentor_comment":0,"jetpack_featured_media_url":"https:\/\/eldiariodesanpedro.com.ar\/sitio\/wp-content\/uploads\/2023\/01\/WhatsApp-Image-2023-01-10-at-21.30.20.jpeg","jetpack_shortlink":"https:\/\/wp.me\/p6RhLt-tFl","jetpack_sharing_enabled":true,"_links":{"self":[{"href":"https:\/\/eldiariodesanpedro.com.ar\/sitio\/wp-json\/wp\/v2\/posts\/114039","targetHints":{"allow":["GET"]}}],"collection":[{"href":"https:\/\/eldiariodesanpedro.com.ar\/sitio\/wp-json\/wp\/v2\/posts"}],"about":[{"href":"https:\/\/eldiariodesanpedro.com.ar\/sitio\/wp-json\/wp\/v2\/types\/post"}],"author":[{"embeddable":true,"href":"https:\/\/eldiariodesanpedro.com.ar\/sitio\/wp-json\/wp\/v2\/users\/4"}],"replies":[{"embeddable":true,"href":"https:\/\/eldiariodesanpedro.com.ar\/sitio\/wp-json\/wp\/v2\/comments?post=114039"}],"version-history":[{"count":3,"href":"https:\/\/eldiariodesanpedro.com.ar\/sitio\/wp-json\/wp\/v2\/posts\/114039\/revisions"}],"predecessor-version":[{"id":114049,"href":"https:\/\/eldiariodesanpedro.com.ar\/sitio\/wp-json\/wp\/v2\/posts\/114039\/revisions\/114049"}],"wp:featuredmedia":[{"embeddable":true,"href":"https:\/\/eldiariodesanpedro.com.ar\/sitio\/wp-json\/wp\/v2\/media\/114043"}],"wp:attachment":[{"href":"https:\/\/eldiariodesanpedro.com.ar\/sitio\/wp-json\/wp\/v2\/media?parent=114039"}],"wp:term":[{"taxonomy":"category","embeddable":true,"href":"https:\/\/eldiariodesanpedro.com.ar\/sitio\/wp-json\/wp\/v2\/categories?post=114039"},{"taxonomy":"post_tag","embeddable":true,"href":"https:\/\/eldiariodesanpedro.com.ar\/sitio\/wp-json\/wp\/v2\/tags?post=114039"}],"curies":[{"name":"wp","href":"https:\/\/api.w.org\/{rel}","templated":true}]}}