{"id":114001,"date":"2023-01-10T16:05:22","date_gmt":"2023-01-10T19:05:22","guid":{"rendered":"https:\/\/eldiariodesanpedro.com.ar\/sitio\/?p=114001"},"modified":"2023-01-10T16:05:23","modified_gmt":"2023-01-10T19:05:23","slug":"vacunacion-contra-la-fiebre-amarilla-y-fiebre-hemorragica-argentina-en-el-hospital-municipal-emilio-ruffa","status":"publish","type":"post","link":"https:\/\/eldiariodesanpedro.com.ar\/sitio\/vacunacion-contra-la-fiebre-amarilla-y-fiebre-hemorragica-argentina-en-el-hospital-municipal-emilio-ruffa\/","title":{"rendered":"Vacunaci\u00f3n contra la Fiebre Amarilla y Fiebre Hemorr\u00e1gica Argentina en el Hospital Municipal Emilio Ruffa"},"content":{"rendered":"<!-- VideographyWP Plugin Message: Automatic video embedding prevented by plugin options. -->\n\n<p>La Secretar\u00eda de Salud de la Municipalidad de San Pedro informa que, tras las gestiones realizadas por el \u00e1rea para adquirir el componente y as\u00ed evitar los traslados a otras ciudades de quienes deban aplicarse la dosis por motivos de viajes a destinos que requieran su aplicaci\u00f3n para prevenir la importaci\u00f3n y transmisi\u00f3n de la enfermedad, se aplican dosis contra la Fiebre Amarilla los d\u00edas jueves, en el horario de 8.00 a 13.00, en el Hospital Municipal Dr. Emilio Ruffa.<\/p>\n\n\n\n<p>Se trata de una enfermedad viral que se transmite a trav\u00e9s de la picadura de ciertas especies de mosquitos en zonas de riesgo de transmisi\u00f3n comprobada de fiebre amarilla como Misiones, Corrientes y Formosa, algunos departamentos de Chaco, Salta, Jujuy y Brasil.<\/p>\n\n\n\n<p>Si bien cualquier persona puede contraer la fiebre amarilla, las personas de mayor edad y los ni\u00f1os, tienen mayor riesgo de presentar una enfermedad grave.<\/p>\n\n\n\n<p>La aplicaci\u00f3n de la vacuna est\u00e1 indicada para viajeros o residentes de zonas end\u00e9micas o epid\u00e9micas, viajeros a pa\u00edses con exigencia de la vacuna para su ingreso, poblaci\u00f3n de zonas de riesgo de transmisi\u00f3n, personal de laboratorio que maneje material contaminado con el virus.<\/p>\n\n\n\n<p>La enfermedad no tiene tratamiento espec\u00edfico y la principal medida preventiva es la vacuna, que brinda protecci\u00f3n a partir de los 10 d\u00edas de aplicada y dura para toda la vida.<\/p>\n\n\n\n<p>Quienes integran los grupos que se detallan a continuaci\u00f3n tienen un riesgo aumentado de efectos adversos potencialmente graves asociados a la vacunaci\u00f3n.<\/p>\n\n\n\n<p>*Edad 6 a 8 meses<br>*Edad igual o mayor a 60<br>*Inmunodeprimidos<br>*Embarazo<br>*Lactancia: las mujeres que est\u00e1n en periodo de lactancia entre el nacimiento y los 8 meses exclusivo, podr\u00e1n transmitir a sus hijos el virus vacunal a trav\u00e9s de la leche.<\/p>\n\n\n\n<p>Para estos casos, se recomienda no viajar a destinos con transmisi\u00f3n activa de fiebre amarilla. Si el viaje fuera impostergable, un m\u00e9dico deber\u00e1 evaluar la conveniencia de indicar la vacunaci\u00f3n y emitir una orden m\u00e9dica para recibir la vacuna.<\/p>\n\n\n\n<p><strong>Fiebre Hemorr\u00e1gica Argentina<\/strong><\/p>\n\n\n\n<p>La Secretar\u00eda de Salud de la Municipalidad de San Pedro informa que se aplican dosis contra la Fiebre Hemorr\u00e1gica Argentina los d\u00edas martes, en el horario de 8.00 a 13.00, en el Hospital Municipal Dr. Emilio Ruffa.<\/p>\n\n\n\n<p>La Fiebre Hemorr\u00e1gica Argentina, tambi\u00e9n conocida como virus Jun\u00edn o mal de los rastrojos, es una enfermedad infecciosa end\u00e9mica en el noroeste de la provincia de Buenos Aires, sur de C\u00f3rdoba, sur de Santa fe y norte de La Pampa, que puede afectar a los trabajadores rurales. La produce el virus Jun\u00edn, que tiene su reservorio en roedores silvestres de la especie Calomys musculinus.<\/p>\n\n\n\n<p>La vacuna que previene la fiebre hemorr\u00e1gica se aplica a partir de los 15 a\u00f1os en una dosis, en \u00e1reas end\u00e9micas de la enfermedad (Santa Fe, C\u00f3rdoba, Buenos Aires y La Pampa).<\/p>\n\n\n\n<p>La vacunaci\u00f3n debe realizarse por lo menos un mes antes de que se realicen actividades de riesgo a fin de asegurar la protecci\u00f3n.<\/p>\n\n\n\n<p>El plasma inmune es el \u00fanico tratamiento para curar la FHA y debe administrarse en los primeros ocho d\u00edas de evoluci\u00f3n de la enfermedad. La \u00fanica manera de conseguir este tratamiento es por medio de donantes que hayan contra\u00eddo la enfermedad y nuestra ciudad es referente de la provincia en la recolecci\u00f3n de plasma de convalecientes para tratamientos.<\/p>\n","protected":false},"excerpt":{"rendered":"<p>La Secretar\u00eda de Salud de la Municipalidad de San Pedro informa que, tras las gestiones realizadas por el \u00e1rea para adquirir el componente y as\u00ed evitar los traslados a otras ciudades de quienes deban aplicarse la dosis por motivos de viajes a destinos que requieran su aplicaci\u00f3n para prevenir la importaci\u00f3n y transmisi\u00f3n de la [&hellip;]<\/p>\n","protected":false},"author":4,"featured_media":114002,"comment_status":"closed","ping_status":"closed","sticky":false,"template":"","format":"standard","meta":{"om_disable_all_campaigns":false,"_jetpack_memberships_contains_paid_content":false,"footnotes":""},"categories":[101,2],"tags":[197,696,19],"class_list":["post-114001","post","type-post","status-publish","format-standard","has-post-thumbnail","hentry","category-interes-general-locales","category-locales","tag-buenos-aires","tag-interes-general","tag-san-pedro"],"aioseo_notices":[],"gutentor_comment":0,"jetpack_featured_media_url":"https:\/\/eldiariodesanpedro.com.ar\/sitio\/wp-content\/uploads\/2023\/01\/eric-clapton-1496225107.98.2560x1440.jpg","jetpack_shortlink":"https:\/\/wp.me\/p6RhLt-tEJ","jetpack_sharing_enabled":true,"_links":{"self":[{"href":"https:\/\/eldiariodesanpedro.com.ar\/sitio\/wp-json\/wp\/v2\/posts\/114001","targetHints":{"allow":["GET"]}}],"collection":[{"href":"https:\/\/eldiariodesanpedro.com.ar\/sitio\/wp-json\/wp\/v2\/posts"}],"about":[{"href":"https:\/\/eldiariodesanpedro.com.ar\/sitio\/wp-json\/wp\/v2\/types\/post"}],"author":[{"embeddable":true,"href":"https:\/\/eldiariodesanpedro.com.ar\/sitio\/wp-json\/wp\/v2\/users\/4"}],"replies":[{"embeddable":true,"href":"https:\/\/eldiariodesanpedro.com.ar\/sitio\/wp-json\/wp\/v2\/comments?post=114001"}],"version-history":[{"count":1,"href":"https:\/\/eldiariodesanpedro.com.ar\/sitio\/wp-json\/wp\/v2\/posts\/114001\/revisions"}],"predecessor-version":[{"id":114003,"href":"https:\/\/eldiariodesanpedro.com.ar\/sitio\/wp-json\/wp\/v2\/posts\/114001\/revisions\/114003"}],"wp:featuredmedia":[{"embeddable":true,"href":"https:\/\/eldiariodesanpedro.com.ar\/sitio\/wp-json\/wp\/v2\/media\/114002"}],"wp:attachment":[{"href":"https:\/\/eldiariodesanpedro.com.ar\/sitio\/wp-json\/wp\/v2\/media?parent=114001"}],"wp:term":[{"taxonomy":"category","embeddable":true,"href":"https:\/\/eldiariodesanpedro.com.ar\/sitio\/wp-json\/wp\/v2\/categories?post=114001"},{"taxonomy":"post_tag","embeddable":true,"href":"https:\/\/eldiariodesanpedro.com.ar\/sitio\/wp-json\/wp\/v2\/tags?post=114001"}],"curies":[{"name":"wp","href":"https:\/\/api.w.org\/{rel}","templated":true}]}}