{"id":113998,"date":"2023-01-10T15:55:27","date_gmt":"2023-01-10T18:55:27","guid":{"rendered":"https:\/\/eldiariodesanpedro.com.ar\/sitio\/?p=113998"},"modified":"2023-01-10T15:55:29","modified_gmt":"2023-01-10T18:55:29","slug":"baradero-festival-2023-aun-no-se-venden-las-entradas-pero-ya-hay-fila-para-conseguirlas%ef%bf%bc","status":"publish","type":"post","link":"https:\/\/eldiariodesanpedro.com.ar\/sitio\/baradero-festival-2023-aun-no-se-venden-las-entradas-pero-ya-hay-fila-para-conseguirlas%ef%bf%bc\/","title":{"rendered":"BARADERO | Festival 2023: A\u00fan no se venden las entradas pero ya hay fila para conseguirlas\ufffc"},"content":{"rendered":"<!-- VideographyWP Plugin Message: Automatic video embedding prevented by plugin options. -->\n\n<p>El evento que contar\u00e1 con las actuaciones de Abel Pintos, Luciano Pereyra, Soledad y La K\u00b4onga, entre otros, tendr\u00e1 entradas a venta desde el mi\u00e9rcoles 11 a las 08.00, en el Anfiteatro Municipal. Sin embargo ya hay personas acampando por su ticket.\u00a0<\/p>\n\n\n\n<p>Abel Pintos, Soledad, Luciano Pereyra, La K\u00b4onga, Peteco Carabajal, Lito Vitale y Juan Carlos Baglietto son algunos de los artistas confirmados para la 48\u00b0 edici\u00f3n de Festival de M\u00fasica Popular que tendr\u00e1 lugar los d\u00edas viernes 10, s\u00e1bado 11 y domingo 12 de febrero.&nbsp;<\/p>\n\n\n\n<p>Las entradas se pondr\u00e1n a la venta desde las 08.00 de este mi\u00e9rcoles 11, en el Anfiteatro Municipal Pedro Carossi, y desde el jueves 12 estar\u00e1n disponibles online en&nbsp;<a href=\"https:\/\/www.tuentrada.com\/\">https:\/\/www.tuentrada.com\/<\/a>.<\/p>\n\n\n\n<p>Este lunes, la Radio Municipal de Baradero entrevist\u00f3 a quienes ya est\u00e1n acampando por sus tickets: \u00abQueremos estar lo m\u00e1s cerca de Abel que se pueda\u00bb, dec\u00eda Ingrid. \u00abVine tres d\u00edas antes por Luciano (Pereyra)\u00bb, agreg\u00f3 una fan\u00e1tica.<\/p>\n\n\n\n<p><strong>La grilla:<\/strong><\/p>\n\n\n\n<p><strong>VIERNES 10 DE FEBRERO<\/strong><br>Abel Pintos<br>Leandro Rodr\u00edguez&nbsp;<br>Joaco<br>Ivana Fortunatti<br>Oscar Rosello&nbsp;<br>Huitral<br>Ganadores del Pre-Festival Baradero<br>Helena Muzzio<br>Milo&nbsp;<br>Ballet Municipal \u00abSixto Palavecino\u00bb<\/p>\n\n\n\n<p><strong>S\u00c1BADO 11 DE FEBRERO<\/strong><br>Soledad<br>Destino San Javier&nbsp;<br>Lito Vitale junto a Jairo, Patricia Sosa, Hilda Lizarazu y Juan Carlos Baglietto, entre otros<br>Kepianco<br>Lucia Ceresani&nbsp;<br>D\u00fao Carmelo Pantale\u00f3n<br>Hijos del Rigor<br>Ganadores del Pre-Festival<br>Ballet \u201cCardo Azul\u201d<br>Ballet Municipal \u201cSixto Palavecino\u201d<\/p>\n\n\n\n<p><strong>DOMINGO 12 DE FEBRERO<\/strong><br>Luciano Pereyra<br>La K\u2019onga<br>Peteco Carabajal<br>Facundo Toro&nbsp;<br>Guitarreros<br>Mizarez<br>Karen y Luciano&nbsp;<br>Ganadores del Pre-Festival<br>Ballet Municipal \u201cSixto Palavecino\u201d&nbsp;<\/p>\n\n\n\n<p><strong>Las entradas<\/strong><\/p>\n\n\n\n<p><br>Viernes 10 de febrero<br>\u2022&nbsp;&nbsp; &nbsp;Platea central: $7500 (anticipada) &#8211; $8000 (en puerta)<br>\u2022&nbsp;&nbsp; &nbsp;Platea lateral: $5500 (anticipada) &#8211; $6000 (en puerta)<br>\u2022&nbsp;&nbsp; &nbsp;General: $3500 (anticipada) &#8211; $4000 (en puerta)<\/p>\n\n\n\n<p>S\u00e1bado 11 de febrero&nbsp;<br>\u2022&nbsp;&nbsp; &nbsp;Platea central: $5000 (anticipada) &#8211; $5500 (en puerta)<br>\u2022&nbsp;&nbsp; &nbsp;Platea lateral: $3500 (anticipada) &#8211; $4000 (en puerta)<br>\u2022&nbsp;&nbsp; &nbsp;General: $2500 (anticipada) &#8211; $3000 (en puerta)<\/p>\n\n\n\n<p>Domingo 12 de febrero<br>\u2022&nbsp;&nbsp; &nbsp;Platea central $8000 (anticipada) &#8211; $8500 (en puerta)<br>\u2022&nbsp;&nbsp; &nbsp;Platea lateral $6000 (anticipada) &#8211; $ 6500 (en puerta)<br>\u2022&nbsp;&nbsp; &nbsp;General: $4500 (anticipada) &#8211; $5000 (en puerta)<\/p>\n\n\n\n<p>Abonos por tres noches (s\u00f3lo anticipadas)&nbsp;<br>\u2022&nbsp;&nbsp; &nbsp;Platea central: $18.000 &nbsp; &nbsp;<br>\u2022&nbsp;&nbsp; &nbsp;Platea lateral: $13000<br>\u2022&nbsp;&nbsp; &nbsp;General: $8000<\/p>\n","protected":false},"excerpt":{"rendered":"<p>El evento que contar\u00e1 con las actuaciones de Abel Pintos, Luciano Pereyra, Soledad y La K\u00b4onga, entre otros, tendr\u00e1 entradas a venta desde el mi\u00e9rcoles 11 a las 08.00, en el Anfiteatro Municipal. Sin embargo ya hay personas acampando por su ticket.\u00a0 Abel Pintos, Soledad, Luciano Pereyra, La K\u00b4onga, Peteco Carabajal, Lito Vitale y Juan [&hellip;]<\/p>\n","protected":false},"author":4,"featured_media":113999,"comment_status":"closed","ping_status":"closed","sticky":false,"template":"","format":"standard","meta":{"om_disable_all_campaigns":false,"_jetpack_memberships_contains_paid_content":false,"footnotes":""},"categories":[621],"tags":[197,696,33,19],"class_list":["post-113998","post","type-post","status-publish","format-standard","has-post-thumbnail","hentry","category-regionales","tag-buenos-aires","tag-interes-general","tag-locales","tag-san-pedro"],"aioseo_notices":[],"gutentor_comment":0,"jetpack_featured_media_url":"https:\/\/eldiariodesanpedro.com.ar\/sitio\/wp-content\/uploads\/2023\/01\/festival-de-baradero-23.jpg","jetpack_shortlink":"https:\/\/wp.me\/p6RhLt-tEG","jetpack_sharing_enabled":true,"_links":{"self":[{"href":"https:\/\/eldiariodesanpedro.com.ar\/sitio\/wp-json\/wp\/v2\/posts\/113998","targetHints":{"allow":["GET"]}}],"collection":[{"href":"https:\/\/eldiariodesanpedro.com.ar\/sitio\/wp-json\/wp\/v2\/posts"}],"about":[{"href":"https:\/\/eldiariodesanpedro.com.ar\/sitio\/wp-json\/wp\/v2\/types\/post"}],"author":[{"embeddable":true,"href":"https:\/\/eldiariodesanpedro.com.ar\/sitio\/wp-json\/wp\/v2\/users\/4"}],"replies":[{"embeddable":true,"href":"https:\/\/eldiariodesanpedro.com.ar\/sitio\/wp-json\/wp\/v2\/comments?post=113998"}],"version-history":[{"count":1,"href":"https:\/\/eldiariodesanpedro.com.ar\/sitio\/wp-json\/wp\/v2\/posts\/113998\/revisions"}],"predecessor-version":[{"id":114000,"href":"https:\/\/eldiariodesanpedro.com.ar\/sitio\/wp-json\/wp\/v2\/posts\/113998\/revisions\/114000"}],"wp:featuredmedia":[{"embeddable":true,"href":"https:\/\/eldiariodesanpedro.com.ar\/sitio\/wp-json\/wp\/v2\/media\/113999"}],"wp:attachment":[{"href":"https:\/\/eldiariodesanpedro.com.ar\/sitio\/wp-json\/wp\/v2\/media?parent=113998"}],"wp:term":[{"taxonomy":"category","embeddable":true,"href":"https:\/\/eldiariodesanpedro.com.ar\/sitio\/wp-json\/wp\/v2\/categories?post=113998"},{"taxonomy":"post_tag","embeddable":true,"href":"https:\/\/eldiariodesanpedro.com.ar\/sitio\/wp-json\/wp\/v2\/tags?post=113998"}],"curies":[{"name":"wp","href":"https:\/\/api.w.org\/{rel}","templated":true}]}}