{"id":113990,"date":"2023-01-10T11:48:17","date_gmt":"2023-01-10T14:48:17","guid":{"rendered":"https:\/\/eldiariodesanpedro.com.ar\/sitio\/?p=113990"},"modified":"2023-01-10T11:48:18","modified_gmt":"2023-01-10T14:48:18","slug":"cronograma-de-pago-de-anses-desde-hoy-de-jubilaciones-y-pensiones-minimas-asignacion-universal-por-hija-e-hijo-auh-y-asignacion-familiar-por-hija-e-hijo","status":"publish","type":"post","link":"https:\/\/eldiariodesanpedro.com.ar\/sitio\/cronograma-de-pago-de-anses-desde-hoy-de-jubilaciones-y-pensiones-minimas-asignacion-universal-por-hija-e-hijo-auh-y-asignacion-familiar-por-hija-e-hijo\/","title":{"rendered":"Cronograma de pago de Anses desde hoy de jubilaciones y pensiones m\u00ednimas, Asignaci\u00f3n Universal por Hija e Hijo (AUH) y Asignaci\u00f3n Familiar por Hija e Hijo"},"content":{"rendered":"<!-- VideographyWP Plugin Message: Automatic video embedding prevented by plugin options. -->\n\n<p>ANSES informa que hoy comienzan los pagos de jubilaciones y pensiones m\u00ednimas, Asignaci\u00f3n Universal por Hija e Hijo (AUH) y Asignaci\u00f3n Familiar por Hija e Hijo. En tanto, los jubilados y pensionados reciben su haber junto a la segunda cuota el refuerzo de ingresos de 10 mil pesos, por lo que ninguna jubilaci\u00f3n queda por debajo de los 60 mil pesos.<\/p>\n\n\n\n<p>En este sentido, los cronogramas quedan conformados de la siguiente manera:<\/p>\n\n\n\n<p>Jubilaciones y pensiones que no superen un haber m\u00ednimo<br>\u00b7 DNI terminados en 0: 10 de enero<br>\u00b7 DNI terminados en 1: 11 de enero<br>\u00b7 DNI terminados en 2: 12 de enero<br>\u00b7 DNI terminados en 3: 13 de enero<br>\u00b7 DNI terminados en 4: 16 de enero<br>\u00b7 DNI terminados en 5: 17 de enero<br>\u00b7 DNI terminados en 6: 18 de enero<br>\u00b7 DNI terminados en 7: 19 de enero<br>\u00b7 DNI terminados en 8: 20 de enero<br>\u00b7 DNI terminados en 9: 23 de enero<\/p>\n\n\n\n<p>Asignaci\u00f3n Universal y Asignaci\u00f3n Familiar por Hijo<br>\u00b7 DNI terminados en 0: 10 de enero<br>\u00b7 DNI terminados en 1: 11 de enero<br>\u00b7 DNI terminados en 2: 12 de enero<br>\u00b7 DNI terminados en 3: 13 de enero<br>\u00b7 DNI terminados en 4: 16 de enero<br>\u00b7 DNI terminados en 5: 17 de enero<br>\u00b7 DNI terminados en 6: 18 de enero<br>\u00b7 DNI terminados en 7: 19 de enero<br>\u00b7 DNI terminados en 8: 20 de enero<br>\u00b7 DNI terminados en 9: 23 de enero<\/p>\n","protected":false},"excerpt":{"rendered":"<p>ANSES informa que hoy comienzan los pagos de jubilaciones y pensiones m\u00ednimas, Asignaci\u00f3n Universal por Hija e Hijo (AUH) y Asignaci\u00f3n Familiar por Hija e Hijo. En tanto, los jubilados y pensionados reciben su haber junto a la segunda cuota el refuerzo de ingresos de 10 mil pesos, por lo que ninguna jubilaci\u00f3n queda por [&hellip;]<\/p>\n","protected":false},"author":4,"featured_media":111293,"comment_status":"closed","ping_status":"closed","sticky":false,"template":"","format":"standard","meta":{"om_disable_all_campaigns":false,"_jetpack_memberships_contains_paid_content":false,"footnotes":""},"categories":[101,2],"tags":[197,696,33,19],"class_list":["post-113990","post","type-post","status-publish","format-standard","has-post-thumbnail","hentry","category-interes-general-locales","category-locales","tag-buenos-aires","tag-interes-general","tag-locales","tag-san-pedro"],"aioseo_notices":[],"gutentor_comment":0,"jetpack_featured_media_url":"https:\/\/eldiariodesanpedro.com.ar\/sitio\/wp-content\/uploads\/2022\/10\/anses.png","jetpack_shortlink":"https:\/\/wp.me\/p6RhLt-tEy","jetpack_sharing_enabled":true,"_links":{"self":[{"href":"https:\/\/eldiariodesanpedro.com.ar\/sitio\/wp-json\/wp\/v2\/posts\/113990","targetHints":{"allow":["GET"]}}],"collection":[{"href":"https:\/\/eldiariodesanpedro.com.ar\/sitio\/wp-json\/wp\/v2\/posts"}],"about":[{"href":"https:\/\/eldiariodesanpedro.com.ar\/sitio\/wp-json\/wp\/v2\/types\/post"}],"author":[{"embeddable":true,"href":"https:\/\/eldiariodesanpedro.com.ar\/sitio\/wp-json\/wp\/v2\/users\/4"}],"replies":[{"embeddable":true,"href":"https:\/\/eldiariodesanpedro.com.ar\/sitio\/wp-json\/wp\/v2\/comments?post=113990"}],"version-history":[{"count":1,"href":"https:\/\/eldiariodesanpedro.com.ar\/sitio\/wp-json\/wp\/v2\/posts\/113990\/revisions"}],"predecessor-version":[{"id":113991,"href":"https:\/\/eldiariodesanpedro.com.ar\/sitio\/wp-json\/wp\/v2\/posts\/113990\/revisions\/113991"}],"wp:featuredmedia":[{"embeddable":true,"href":"https:\/\/eldiariodesanpedro.com.ar\/sitio\/wp-json\/wp\/v2\/media\/111293"}],"wp:attachment":[{"href":"https:\/\/eldiariodesanpedro.com.ar\/sitio\/wp-json\/wp\/v2\/media?parent=113990"}],"wp:term":[{"taxonomy":"category","embeddable":true,"href":"https:\/\/eldiariodesanpedro.com.ar\/sitio\/wp-json\/wp\/v2\/categories?post=113990"},{"taxonomy":"post_tag","embeddable":true,"href":"https:\/\/eldiariodesanpedro.com.ar\/sitio\/wp-json\/wp\/v2\/tags?post=113990"}],"curies":[{"name":"wp","href":"https:\/\/api.w.org\/{rel}","templated":true}]}}