{"id":113986,"date":"2023-01-10T11:37:34","date_gmt":"2023-01-10T14:37:34","guid":{"rendered":"https:\/\/eldiariodesanpedro.com.ar\/sitio\/?p=113986"},"modified":"2023-01-10T11:41:13","modified_gmt":"2023-01-10T14:41:13","slug":"bomberos-rescato-a-cinco-animales-que-habian-caido-en-un-pozo","status":"publish","type":"post","link":"https:\/\/eldiariodesanpedro.com.ar\/sitio\/bomberos-rescato-a-cinco-animales-que-habian-caido-en-un-pozo\/","title":{"rendered":"Bomberos rescat\u00f3 a cinco animales que hab\u00edan ca\u00eddo en un pozo"},"content":{"rendered":"<!-- VideographyWP Plugin Message: Automatic video embedding prevented by plugin options. -->\n\n<p>Personal del cuerpo activo debi\u00f3 intervenir ante la situaci\u00f3n que se di\u00f3 en una propiedad ubicada en Villa Jard\u00edn.<\/p>\n\n\n\n<p>Durante las primeras horas del lunes una dotaci\u00f3n de Bomberos Voluntarios fue convocada ante una situaci\u00f3n que se estaba dando en una propiedad ubicada en el barrio Villa Jard\u00edn.<\/p>\n\n\n\n<p>En ese lugar cinco perros cachorros hab\u00edan ca\u00eddo a un pozo ciego existente en el lugar y a pesar de todos los intentos no pod\u00edan ser sacados de all\u00ed.<\/p>\n\n\n\n<p>Los Bomberos, utilizando las herramientas adecuadas y buscando no lastimar a los animalitos, logr\u00f3 despu\u00e9s de algunos minutos rescatar a los perritos que adem\u00e1s estaban en perfecto estado.<\/p>\n\n\n\n<p>Fuente: San Pedro Informa<\/p>\n","protected":false},"excerpt":{"rendered":"<p>Personal del cuerpo activo debi\u00f3 intervenir ante la situaci\u00f3n que se di\u00f3 en una propiedad ubicada en Villa Jard\u00edn. Durante las primeras horas del lunes una dotaci\u00f3n de Bomberos Voluntarios fue convocada ante una situaci\u00f3n que se estaba dando en una propiedad ubicada en el barrio Villa Jard\u00edn. En ese lugar cinco perros cachorros hab\u00edan [&hellip;]<\/p>\n","protected":false},"author":4,"featured_media":113987,"comment_status":"closed","ping_status":"closed","sticky":false,"template":"","format":"standard","meta":{"om_disable_all_campaigns":false,"_jetpack_memberships_contains_paid_content":false,"footnotes":""},"categories":[50,2,103],"tags":[197,33,95,19],"class_list":["post-113986","post","type-post","status-publish","format-standard","has-post-thumbnail","hentry","category-destacadas","category-locales","category-policiales-locales","tag-buenos-aires","tag-locales","tag-policiales","tag-san-pedro"],"aioseo_notices":[],"gutentor_comment":0,"jetpack_featured_media_url":"https:\/\/eldiariodesanpedro.com.ar\/sitio\/wp-content\/uploads\/2023\/01\/0000021533-resized-1920x1080-1.jpg","jetpack_shortlink":"https:\/\/wp.me\/p6RhLt-tEu","jetpack_sharing_enabled":true,"_links":{"self":[{"href":"https:\/\/eldiariodesanpedro.com.ar\/sitio\/wp-json\/wp\/v2\/posts\/113986","targetHints":{"allow":["GET"]}}],"collection":[{"href":"https:\/\/eldiariodesanpedro.com.ar\/sitio\/wp-json\/wp\/v2\/posts"}],"about":[{"href":"https:\/\/eldiariodesanpedro.com.ar\/sitio\/wp-json\/wp\/v2\/types\/post"}],"author":[{"embeddable":true,"href":"https:\/\/eldiariodesanpedro.com.ar\/sitio\/wp-json\/wp\/v2\/users\/4"}],"replies":[{"embeddable":true,"href":"https:\/\/eldiariodesanpedro.com.ar\/sitio\/wp-json\/wp\/v2\/comments?post=113986"}],"version-history":[{"count":2,"href":"https:\/\/eldiariodesanpedro.com.ar\/sitio\/wp-json\/wp\/v2\/posts\/113986\/revisions"}],"predecessor-version":[{"id":113989,"href":"https:\/\/eldiariodesanpedro.com.ar\/sitio\/wp-json\/wp\/v2\/posts\/113986\/revisions\/113989"}],"wp:featuredmedia":[{"embeddable":true,"href":"https:\/\/eldiariodesanpedro.com.ar\/sitio\/wp-json\/wp\/v2\/media\/113987"}],"wp:attachment":[{"href":"https:\/\/eldiariodesanpedro.com.ar\/sitio\/wp-json\/wp\/v2\/media?parent=113986"}],"wp:term":[{"taxonomy":"category","embeddable":true,"href":"https:\/\/eldiariodesanpedro.com.ar\/sitio\/wp-json\/wp\/v2\/categories?post=113986"},{"taxonomy":"post_tag","embeddable":true,"href":"https:\/\/eldiariodesanpedro.com.ar\/sitio\/wp-json\/wp\/v2\/tags?post=113986"}],"curies":[{"name":"wp","href":"https:\/\/api.w.org\/{rel}","templated":true}]}}