{"id":113983,"date":"2023-01-10T11:31:14","date_gmt":"2023-01-10T14:31:14","guid":{"rendered":"https:\/\/eldiariodesanpedro.com.ar\/sitio\/?p=113983"},"modified":"2023-01-10T11:31:16","modified_gmt":"2023-01-10T14:31:16","slug":"emotivo-reconocimiento-de-un-ex-combatiente-con-el-parador-el-alegre","status":"publish","type":"post","link":"https:\/\/eldiariodesanpedro.com.ar\/sitio\/emotivo-reconocimiento-de-un-ex-combatiente-con-el-parador-el-alegre\/","title":{"rendered":"Emotivo reconocimiento de un ex combatiente con el parador El Alegre"},"content":{"rendered":"<!-- VideographyWP Plugin Message: Automatic video embedding prevented by plugin options. -->\n\n<p>El h\u00e9roe de Malvinas, en reconocimiento, dej\u00f3 al responsable del lugar un presente con tierra del cementerio de Darwin.<\/p>\n\n\n\n<p>Pasa el tiempo y el Parador y Bar \u00abEl Alegre\u00bb sigue escribiendo sus propias historias.<\/p>\n\n\n\n<p>Habitualmente nos acostumbra a las visitas de famosos, artistas y deportistas, pero el fin de semana se di\u00f3 una situaci\u00f3n cargada de emoci\u00f3n por el valor que tuvo todo y m\u00e1s a\u00fan porque estuvo lejos de las c\u00e1maras y los escenarios<\/p>\n\n\n\n<p>Hugo Alzuagaes un ex combatiente de Malvinas que muy seguido pasa por el lugar y tuvo una inolvidable actitud que \u00e9l mismo se encarg\u00f3 de contarla.<\/p>\n\n\n\n<p>\u00abSiempre que voy a Bs As, parada obligada Parador El Alegre. Hace unos meses escuchamos al due\u00f1o decirle a su empleada \u201cA esa mesa no le cobres que son Ex Combatientes\u00bb. Me sorprendi\u00f3 y me emocion\u00f3. Desde ese d\u00eda me propuse retribuirle, hoy le ofrend\u00e9 un cofre con tierra de Malvinas, tierra de Darwin, donde duermen los custodios eternos de nuestra patria. Gracias eternas\u00bb.<\/p>\n\n\n\n<p>A partir de ese momento, Rub\u00e9n Bazan, titular del comercio, atesora el presente como uno de los m\u00e1s importantes que recibi\u00f3 y que est\u00e1 por encima de todo y todos.<\/p>\n","protected":false},"excerpt":{"rendered":"<p>El h\u00e9roe de Malvinas, en reconocimiento, dej\u00f3 al responsable del lugar un presente con tierra del cementerio de Darwin. Pasa el tiempo y el Parador y Bar \u00abEl Alegre\u00bb sigue escribiendo sus propias historias. Habitualmente nos acostumbra a las visitas de famosos, artistas y deportistas, pero el fin de semana se di\u00f3 una situaci\u00f3n cargada [&hellip;]<\/p>\n","protected":false},"author":4,"featured_media":113984,"comment_status":"closed","ping_status":"closed","sticky":false,"template":"","format":"standard","meta":{"om_disable_all_campaigns":false,"_jetpack_memberships_contains_paid_content":false,"footnotes":""},"categories":[101,2],"tags":[197,696,33,19],"class_list":["post-113983","post","type-post","status-publish","format-standard","has-post-thumbnail","hentry","category-interes-general-locales","category-locales","tag-buenos-aires","tag-interes-general","tag-locales","tag-san-pedro"],"aioseo_notices":[],"gutentor_comment":0,"jetpack_featured_media_url":"https:\/\/eldiariodesanpedro.com.ar\/sitio\/wp-content\/uploads\/2023\/01\/0000021534-resized-1920x1080-1.jpg","jetpack_shortlink":"https:\/\/wp.me\/p6RhLt-tEr","jetpack_sharing_enabled":true,"_links":{"self":[{"href":"https:\/\/eldiariodesanpedro.com.ar\/sitio\/wp-json\/wp\/v2\/posts\/113983","targetHints":{"allow":["GET"]}}],"collection":[{"href":"https:\/\/eldiariodesanpedro.com.ar\/sitio\/wp-json\/wp\/v2\/posts"}],"about":[{"href":"https:\/\/eldiariodesanpedro.com.ar\/sitio\/wp-json\/wp\/v2\/types\/post"}],"author":[{"embeddable":true,"href":"https:\/\/eldiariodesanpedro.com.ar\/sitio\/wp-json\/wp\/v2\/users\/4"}],"replies":[{"embeddable":true,"href":"https:\/\/eldiariodesanpedro.com.ar\/sitio\/wp-json\/wp\/v2\/comments?post=113983"}],"version-history":[{"count":1,"href":"https:\/\/eldiariodesanpedro.com.ar\/sitio\/wp-json\/wp\/v2\/posts\/113983\/revisions"}],"predecessor-version":[{"id":113985,"href":"https:\/\/eldiariodesanpedro.com.ar\/sitio\/wp-json\/wp\/v2\/posts\/113983\/revisions\/113985"}],"wp:featuredmedia":[{"embeddable":true,"href":"https:\/\/eldiariodesanpedro.com.ar\/sitio\/wp-json\/wp\/v2\/media\/113984"}],"wp:attachment":[{"href":"https:\/\/eldiariodesanpedro.com.ar\/sitio\/wp-json\/wp\/v2\/media?parent=113983"}],"wp:term":[{"taxonomy":"category","embeddable":true,"href":"https:\/\/eldiariodesanpedro.com.ar\/sitio\/wp-json\/wp\/v2\/categories?post=113983"},{"taxonomy":"post_tag","embeddable":true,"href":"https:\/\/eldiariodesanpedro.com.ar\/sitio\/wp-json\/wp\/v2\/tags?post=113983"}],"curies":[{"name":"wp","href":"https:\/\/api.w.org\/{rel}","templated":true}]}}