{"id":113967,"date":"2023-01-09T21:28:24","date_gmt":"2023-01-10T00:28:24","guid":{"rendered":"https:\/\/eldiariodesanpedro.com.ar\/sitio\/?p=113967"},"modified":"2023-01-09T21:28:26","modified_gmt":"2023-01-10T00:28:26","slug":"el-grupo-conservacionista-recupera-restos-de-caballos-fosiles-en-campo-sposito","status":"publish","type":"post","link":"https:\/\/eldiariodesanpedro.com.ar\/sitio\/el-grupo-conservacionista-recupera-restos-de-caballos-fosiles-en-campo-sposito\/","title":{"rendered":"El Grupo Conservacionista recupera restos de caballos f\u00f3siles en Campo Sp\u00f3sito"},"content":{"rendered":"<!-- VideographyWP Plugin Message: Automatic video embedding prevented by plugin options. -->\n\n<p>Son piezas de animales que habitaron la llanura hace m\u00e1s de 200.000 a\u00f1os. Fueron extra\u00eddos en el sector del yacimiento en Bajo del Tala.<\/p>\n\n\n\n<figure class=\"wp-block-image size-large\"><img decoding=\"async\" width=\"1024\" height=\"401\" data-attachment-id=\"113969\" data-permalink=\"https:\/\/eldiariodesanpedro.com.ar\/sitio\/el-grupo-conservacionista-recupera-restos-de-caballos-fosiles-en-campo-sposito\/caballo-y-fosiles\/\" data-orig-file=\"https:\/\/eldiariodesanpedro.com.ar\/sitio\/wp-content\/uploads\/2023\/01\/CABALLO-Y-FOSILES.jpg\" data-orig-size=\"1200,470\" data-comments-opened=\"0\" data-image-meta=\"{&quot;aperture&quot;:&quot;0&quot;,&quot;credit&quot;:&quot;&quot;,&quot;camera&quot;:&quot;&quot;,&quot;caption&quot;:&quot;&quot;,&quot;created_timestamp&quot;:&quot;0&quot;,&quot;copyright&quot;:&quot;&quot;,&quot;focal_length&quot;:&quot;0&quot;,&quot;iso&quot;:&quot;0&quot;,&quot;shutter_speed&quot;:&quot;0&quot;,&quot;title&quot;:&quot;&quot;,&quot;orientation&quot;:&quot;0&quot;}\" data-image-title=\"CABALLO-Y-FOSILES\" data-image-description=\"\" data-image-caption=\"\" data-large-file=\"https:\/\/eldiariodesanpedro.com.ar\/sitio\/wp-content\/uploads\/2023\/01\/CABALLO-Y-FOSILES-1024x401.jpg\" data-src=\"https:\/\/eldiariodesanpedro.com.ar\/sitio\/wp-content\/uploads\/2023\/01\/CABALLO-Y-FOSILES-1024x401.jpg\" alt=\"\" class=\"wp-image-113969 lazyload\" data-srcset=\"https:\/\/eldiariodesanpedro.com.ar\/sitio\/wp-content\/uploads\/2023\/01\/CABALLO-Y-FOSILES-1024x401.jpg 1024w, https:\/\/eldiariodesanpedro.com.ar\/sitio\/wp-content\/uploads\/2023\/01\/CABALLO-Y-FOSILES-300x118.jpg 300w, https:\/\/eldiariodesanpedro.com.ar\/sitio\/wp-content\/uploads\/2023\/01\/CABALLO-Y-FOSILES-768x301.jpg 768w, https:\/\/eldiariodesanpedro.com.ar\/sitio\/wp-content\/uploads\/2023\/01\/CABALLO-Y-FOSILES.jpg 1200w\" data-sizes=\"(max-width: 1024px) 100vw, 1024px\" src=\"data:image\/svg+xml;base64,PHN2ZyB3aWR0aD0iMSIgaGVpZ2h0PSIxIiB4bWxucz0iaHR0cDovL3d3dy53My5vcmcvMjAwMC9zdmciPjwvc3ZnPg==\" style=\"--smush-placeholder-width: 1024px; --smush-placeholder-aspect-ratio: 1024\/401;\" \/><\/figure>\n\n\n\n<p>&nbsp;El equipo del Museo Paleontol\u00f3gico de San Pedro acaba de sumar nuevas piezas de caballos f\u00f3siles recuperadas en los \u00faltimos d\u00edas. Un conjunto de v\u00e9rtebras fragmentadas, un molar, un incisivo y algunas costillas, junto a otros restos, fueron extra\u00eddos de una capa de sedimentos depositados en la zona durante la edad Bonaerense, en el Pleistoceno superior. Julio Simonini, Jorge Mart\u00ednez, Walter Parra y Jos\u00e9 Luis Aguilar fueron los integrantes del equipo que recuperaron los restos.<\/p>\n\n\n\n<p>&nbsp;Las piezas corresponden al g\u00e9nero Equus, que es el caballo que hoy conocemos. Estos animales llegaron a Am\u00e9rica del Sur despu\u00e9s de que \u00e9sta se uniera con Am\u00e9rica del Norte a trav\u00e9s del istmo de Panam\u00e1.<\/p>\n\n\n\n<p>En Sudam\u00e9rica convivieron dos g\u00e9neros de caballos: Equus (el que a\u00fan nos acompa\u00f1a) e Hippidion, un caballo algo m\u00e1s bajo, de contextura similar a la de una cebra actual.<\/p>\n\n\n\n<p>&nbsp;Los caballos se dispersaron por nuestro continente hasta su desaparici\u00f3n, hace unos 10.000 a 8.000 a\u00f1os atr\u00e1s, aproximadamente.<\/p>\n\n\n\n<p>Sin embargo, con la llegada de los europeos, el caballo fue reinsertado en Am\u00e9rica hace algo m\u00e1s de 500 a\u00f1os. Es por esto, que el g\u00e9nero Equus estuvo ausente en nuestra regi\u00f3n durante algunos milenios hasta su regreso con los colonizadores.<\/p>\n\n\n\n<p>Hippidion, por el contrario, desapareci\u00f3 para siempre.<\/p>\n\n\n\n<p>\u00a0A\u00fan se contin\u00faa la prospecci\u00f3n en el lugar en busca de m\u00e1s f\u00f3siles, mientras que las piezas halladas se sumar\u00e1n a la colecci\u00f3n junto a otras encontradas con anterioridad en ese yacimiento, sitio donde se sabe que convivieron los dos g\u00e9neros de caballos que existieron en el continente.<\/p>\n\n\n\n<p><\/p>\n","protected":false},"excerpt":{"rendered":"<p>Son piezas de animales que habitaron la llanura hace m\u00e1s de 200.000 a\u00f1os. Fueron extra\u00eddos en el sector del yacimiento en Bajo del Tala. &nbsp;El equipo del Museo Paleontol\u00f3gico de San Pedro acaba de sumar nuevas piezas de caballos f\u00f3siles recuperadas en los \u00faltimos d\u00edas. Un conjunto de v\u00e9rtebras fragmentadas, un molar, un incisivo y [&hellip;]<\/p>\n","protected":false},"author":4,"featured_media":113968,"comment_status":"closed","ping_status":"closed","sticky":false,"template":"","format":"standard","meta":{"om_disable_all_campaigns":false,"_jetpack_memberships_contains_paid_content":false,"footnotes":""},"categories":[50,101,2],"tags":[197,696,33,19],"class_list":["post-113967","post","type-post","status-publish","format-standard","has-post-thumbnail","hentry","category-destacadas","category-interes-general-locales","category-locales","tag-buenos-aires","tag-interes-general","tag-locales","tag-san-pedro"],"aioseo_notices":[],"gutentor_comment":0,"jetpack_featured_media_url":"https:\/\/eldiariodesanpedro.com.ar\/sitio\/wp-content\/uploads\/2023\/01\/medida-2-8.jpg","jetpack_shortlink":"https:\/\/wp.me\/p6RhLt-tEb","jetpack_sharing_enabled":true,"_links":{"self":[{"href":"https:\/\/eldiariodesanpedro.com.ar\/sitio\/wp-json\/wp\/v2\/posts\/113967","targetHints":{"allow":["GET"]}}],"collection":[{"href":"https:\/\/eldiariodesanpedro.com.ar\/sitio\/wp-json\/wp\/v2\/posts"}],"about":[{"href":"https:\/\/eldiariodesanpedro.com.ar\/sitio\/wp-json\/wp\/v2\/types\/post"}],"author":[{"embeddable":true,"href":"https:\/\/eldiariodesanpedro.com.ar\/sitio\/wp-json\/wp\/v2\/users\/4"}],"replies":[{"embeddable":true,"href":"https:\/\/eldiariodesanpedro.com.ar\/sitio\/wp-json\/wp\/v2\/comments?post=113967"}],"version-history":[{"count":1,"href":"https:\/\/eldiariodesanpedro.com.ar\/sitio\/wp-json\/wp\/v2\/posts\/113967\/revisions"}],"predecessor-version":[{"id":113970,"href":"https:\/\/eldiariodesanpedro.com.ar\/sitio\/wp-json\/wp\/v2\/posts\/113967\/revisions\/113970"}],"wp:featuredmedia":[{"embeddable":true,"href":"https:\/\/eldiariodesanpedro.com.ar\/sitio\/wp-json\/wp\/v2\/media\/113968"}],"wp:attachment":[{"href":"https:\/\/eldiariodesanpedro.com.ar\/sitio\/wp-json\/wp\/v2\/media?parent=113967"}],"wp:term":[{"taxonomy":"category","embeddable":true,"href":"https:\/\/eldiariodesanpedro.com.ar\/sitio\/wp-json\/wp\/v2\/categories?post=113967"},{"taxonomy":"post_tag","embeddable":true,"href":"https:\/\/eldiariodesanpedro.com.ar\/sitio\/wp-json\/wp\/v2\/tags?post=113967"}],"curies":[{"name":"wp","href":"https:\/\/api.w.org\/{rel}","templated":true}]}}