{"id":113965,"date":"2023-01-09T21:17:56","date_gmt":"2023-01-10T00:17:56","guid":{"rendered":"https:\/\/eldiariodesanpedro.com.ar\/sitio\/?p=113965"},"modified":"2023-01-09T21:17:57","modified_gmt":"2023-01-10T00:17:57","slug":"coopser-informa-que-manana-en-las-primeras-horas-no-habra-electricidad-en-los-barrios-fonavi-1-y-2","status":"publish","type":"post","link":"https:\/\/eldiariodesanpedro.com.ar\/sitio\/coopser-informa-que-manana-en-las-primeras-horas-no-habra-electricidad-en-los-barrios-fonavi-1-y-2\/","title":{"rendered":"Coopser informa que ma\u00f1ana en las primeras horas no habr\u00e1 electricidad en los barrios FONAVI 1 y 2"},"content":{"rendered":"<!-- VideographyWP Plugin Message: Automatic video embedding prevented by plugin options. -->\n\n<p>Coopser informa que ma\u00f1ana martes 10 de enero se realizar\u00e1 un corte de energ\u00eda en los barrios FONAVI 1 y 2 para realizar tareas de mantenimiento.&nbsp;<strong>Se extender\u00e1 de 6:20 a 8:20 hs<\/strong>.<\/p>\n\n\n\n<p>En caso de malas condiciones clim\u00e1ticas ser\u00e1 suspendido.<\/p>\n","protected":false},"excerpt":{"rendered":"<p>Coopser informa que ma\u00f1ana martes 10 de enero se realizar\u00e1 un corte de energ\u00eda en los barrios FONAVI 1 y 2 para realizar tareas de mantenimiento.&nbsp;Se extender\u00e1 de 6:20 a 8:20 hs. En caso de malas condiciones clim\u00e1ticas ser\u00e1 suspendido.<\/p>\n","protected":false},"author":4,"featured_media":39021,"comment_status":"closed","ping_status":"closed","sticky":false,"template":"","format":"standard","meta":{"om_disable_all_campaigns":false,"_jetpack_memberships_contains_paid_content":false,"footnotes":""},"categories":[101,2],"tags":[197,696,33,19],"class_list":["post-113965","post","type-post","status-publish","format-standard","has-post-thumbnail","hentry","category-interes-general-locales","category-locales","tag-buenos-aires","tag-interes-general","tag-locales","tag-san-pedro"],"aioseo_notices":[],"gutentor_comment":0,"jetpack_featured_media_url":"https:\/\/eldiariodesanpedro.com.ar\/sitio\/wp-content\/uploads\/2018\/08\/coopser_-_corte_de_luz_7.jpg","jetpack_shortlink":"https:\/\/wp.me\/p6RhLt-tE9","jetpack_sharing_enabled":true,"_links":{"self":[{"href":"https:\/\/eldiariodesanpedro.com.ar\/sitio\/wp-json\/wp\/v2\/posts\/113965","targetHints":{"allow":["GET"]}}],"collection":[{"href":"https:\/\/eldiariodesanpedro.com.ar\/sitio\/wp-json\/wp\/v2\/posts"}],"about":[{"href":"https:\/\/eldiariodesanpedro.com.ar\/sitio\/wp-json\/wp\/v2\/types\/post"}],"author":[{"embeddable":true,"href":"https:\/\/eldiariodesanpedro.com.ar\/sitio\/wp-json\/wp\/v2\/users\/4"}],"replies":[{"embeddable":true,"href":"https:\/\/eldiariodesanpedro.com.ar\/sitio\/wp-json\/wp\/v2\/comments?post=113965"}],"version-history":[{"count":1,"href":"https:\/\/eldiariodesanpedro.com.ar\/sitio\/wp-json\/wp\/v2\/posts\/113965\/revisions"}],"predecessor-version":[{"id":113966,"href":"https:\/\/eldiariodesanpedro.com.ar\/sitio\/wp-json\/wp\/v2\/posts\/113965\/revisions\/113966"}],"wp:featuredmedia":[{"embeddable":true,"href":"https:\/\/eldiariodesanpedro.com.ar\/sitio\/wp-json\/wp\/v2\/media\/39021"}],"wp:attachment":[{"href":"https:\/\/eldiariodesanpedro.com.ar\/sitio\/wp-json\/wp\/v2\/media?parent=113965"}],"wp:term":[{"taxonomy":"category","embeddable":true,"href":"https:\/\/eldiariodesanpedro.com.ar\/sitio\/wp-json\/wp\/v2\/categories?post=113965"},{"taxonomy":"post_tag","embeddable":true,"href":"https:\/\/eldiariodesanpedro.com.ar\/sitio\/wp-json\/wp\/v2\/tags?post=113965"}],"curies":[{"name":"wp","href":"https:\/\/api.w.org\/{rel}","templated":true}]}}