{"id":113963,"date":"2023-01-09T21:09:56","date_gmt":"2023-01-10T00:09:56","guid":{"rendered":"https:\/\/eldiariodesanpedro.com.ar\/sitio\/?p=113963"},"modified":"2026-01-24T00:55:27","modified_gmt":"2026-01-24T03:55:27","slug":"fallecio-acuna-gimenez-maria-digna-de-81-anos-de-edad","status":"publish","type":"post","link":"https:\/\/eldiariodesanpedro.com.ar\/sitio\/fallecio-acuna-gimenez-maria-digna-de-81-anos-de-edad\/","title":{"rendered":"Falleci\u00f3 Acu\u00f1a Gimenez Maria Digna de 81 a\u00f1os de edad"},"content":{"rendered":"<!-- VideographyWP Plugin Message: Automatic video embedding prevented by plugin options. -->\n\n<p>Se informa el fallecimiento de Acu\u00f1a Gimenez Maria Digna de 81 a\u00f1os de edad, el sepelio se realizara este martes en la casa velatorio Coopser en sala N\u00ba 3.<br>El sepelio se llevara a cabo desde las 09 hs de este martes 10 de Enero de 2023 y posteriormente sus restos ser\u00e1n sepultados en el Cementerio Local.<\/p>\n","protected":false},"excerpt":{"rendered":"<p>Se informa el fallecimiento de Acu\u00f1a Gimenez Maria Digna de 81 a\u00f1os de edad, el sepelio se realizara este martes en la casa velatorio Coopser en sala N\u00ba 3.El sepelio se llevara a cabo desde las 09 hs de este martes 10 de Enero de 2023 y posteriormente sus restos ser\u00e1n sepultados en el Cementerio [&hellip;]<\/p>\n","protected":false},"author":4,"featured_media":113757,"comment_status":"closed","ping_status":"closed","sticky":false,"template":"","format":"standard","meta":{"om_disable_all_campaigns":false,"_jetpack_memberships_contains_paid_content":false,"footnotes":""},"categories":[8424],"tags":[],"class_list":["post-113963","post","type-post","status-publish","format-standard","has-post-thumbnail","hentry","category-necrologicas"],"aioseo_notices":[],"gutentor_comment":0,"jetpack_featured_media_url":"https:\/\/eldiariodesanpedro.com.ar\/sitio\/wp-content\/uploads\/2023\/01\/necrologicas.jpg","jetpack_shortlink":"https:\/\/wp.me\/p6RhLt-tE7","jetpack_sharing_enabled":true,"_links":{"self":[{"href":"https:\/\/eldiariodesanpedro.com.ar\/sitio\/wp-json\/wp\/v2\/posts\/113963","targetHints":{"allow":["GET"]}}],"collection":[{"href":"https:\/\/eldiariodesanpedro.com.ar\/sitio\/wp-json\/wp\/v2\/posts"}],"about":[{"href":"https:\/\/eldiariodesanpedro.com.ar\/sitio\/wp-json\/wp\/v2\/types\/post"}],"author":[{"embeddable":true,"href":"https:\/\/eldiariodesanpedro.com.ar\/sitio\/wp-json\/wp\/v2\/users\/4"}],"replies":[{"embeddable":true,"href":"https:\/\/eldiariodesanpedro.com.ar\/sitio\/wp-json\/wp\/v2\/comments?post=113963"}],"version-history":[{"count":1,"href":"https:\/\/eldiariodesanpedro.com.ar\/sitio\/wp-json\/wp\/v2\/posts\/113963\/revisions"}],"predecessor-version":[{"id":113964,"href":"https:\/\/eldiariodesanpedro.com.ar\/sitio\/wp-json\/wp\/v2\/posts\/113963\/revisions\/113964"}],"wp:featuredmedia":[{"embeddable":true,"href":"https:\/\/eldiariodesanpedro.com.ar\/sitio\/wp-json\/wp\/v2\/media\/113757"}],"wp:attachment":[{"href":"https:\/\/eldiariodesanpedro.com.ar\/sitio\/wp-json\/wp\/v2\/media?parent=113963"}],"wp:term":[{"taxonomy":"category","embeddable":true,"href":"https:\/\/eldiariodesanpedro.com.ar\/sitio\/wp-json\/wp\/v2\/categories?post=113963"},{"taxonomy":"post_tag","embeddable":true,"href":"https:\/\/eldiariodesanpedro.com.ar\/sitio\/wp-json\/wp\/v2\/tags?post=113963"}],"curies":[{"name":"wp","href":"https:\/\/api.w.org\/{rel}","templated":true}]}}