{"id":113949,"date":"2023-01-09T14:10:24","date_gmt":"2023-01-09T17:10:24","guid":{"rendered":"https:\/\/eldiariodesanpedro.com.ar\/sitio\/?p=113949"},"modified":"2023-01-09T14:10:26","modified_gmt":"2023-01-09T17:10:26","slug":"campana-la-salud-mental-en-crisis-ante-un-nuevo-intento-de-suicidio-en-la-ciudad","status":"publish","type":"post","link":"https:\/\/eldiariodesanpedro.com.ar\/sitio\/campana-la-salud-mental-en-crisis-ante-un-nuevo-intento-de-suicidio-en-la-ciudad\/","title":{"rendered":"CAMPANA | La salud mental en crisis ante un nuevo intento de suicidio en la Ciudad"},"content":{"rendered":"<!-- VideographyWP Plugin Message: Automatic video embedding prevented by plugin options. -->\n\n<p>Vecinos denunciaron la falta de asistencia psicol\u00f3gica por parte del sistema de salud local. Ayer, la polic\u00eda salv\u00f3 a un vecino cuando intentaba arrojarse del puente del Arco, luego de ser advertida por un joven que pasaba por all\u00ed. Recordamos la\u00a0L\u00ednea de prevenci\u00f3n del suicidio: tel:135 (l\u00ednea gratuita). Tambi\u00e9n\u00a0(011) 5275-1135 o 0800 345 1435 desde todo el pa\u00eds.<\/p>\n\n\n\n<p>Desde hace tiempo, en la Ciudad se constituye con mayor intensidad el reclamo por la falta o deficiencia en los servicios de atenci\u00f3n de la salud mental, evidenciado, en muchas ocasiones, por los intentos de suicidio o los hechos consumados en este aspecto.<\/p>\n\n\n\n<p>Ayer, la Polic\u00eda rescat\u00f3 a un vecino cuando intentaba arrojarse desde el puente del Arco. El sujeto fue advertido por un joven que pasaba por el lugar, y al advertir la extra\u00f1a actitud del individuo, no mir\u00f3 para otro lado, se comprometi\u00f3 y dio aviso al 911.<\/p>\n\n\n\n<p>\u00abLamentablemente en Campana no tenemos la ayuda psicol\u00f3gica necesaria para momentos de crisis nerviosas, la gente la est\u00e1 pasando mal y a nadie le interesa\u00bb public\u00f3 el joven tras lo ocurrido, en las redes sociales.<\/p>\n\n\n\n<p>Compartimos nuevamente la L\u00ednea de prevenci\u00f3n del suicidio: tel:135 (l\u00ednea gratuita). Tambi\u00e9n al (011)5275-1135 o 0800 345 1435 desde todo el pa\u00eds. O bien, escribiendo a cas@asistenciaalsuicida.org.ar.<\/p>\n\n\n\n<p>Fuente: Campana Noticias<\/p>\n","protected":false},"excerpt":{"rendered":"<p>Vecinos denunciaron la falta de asistencia psicol\u00f3gica por parte del sistema de salud local. Ayer, la polic\u00eda salv\u00f3 a un vecino cuando intentaba arrojarse del puente del Arco, luego de ser advertida por un joven que pasaba por all\u00ed. Recordamos la\u00a0L\u00ednea de prevenci\u00f3n del suicidio: tel:135 (l\u00ednea gratuita). Tambi\u00e9n\u00a0(011) 5275-1135 o 0800 345 1435 desde [&hellip;]<\/p>\n","protected":false},"author":4,"featured_media":113950,"comment_status":"closed","ping_status":"closed","sticky":false,"template":"","format":"standard","meta":{"om_disable_all_campaigns":false,"_jetpack_memberships_contains_paid_content":false,"footnotes":""},"categories":[621],"tags":[197,681],"class_list":["post-113949","post","type-post","status-publish","format-standard","has-post-thumbnail","hentry","category-regionales","tag-buenos-aires","tag-regionales"],"aioseo_notices":[],"gutentor_comment":0,"jetpack_featured_media_url":"https:\/\/eldiariodesanpedro.com.ar\/sitio\/wp-content\/uploads\/2023\/01\/20230108120300.jpg","jetpack_shortlink":"https:\/\/wp.me\/p6RhLt-tDT","jetpack_sharing_enabled":true,"_links":{"self":[{"href":"https:\/\/eldiariodesanpedro.com.ar\/sitio\/wp-json\/wp\/v2\/posts\/113949","targetHints":{"allow":["GET"]}}],"collection":[{"href":"https:\/\/eldiariodesanpedro.com.ar\/sitio\/wp-json\/wp\/v2\/posts"}],"about":[{"href":"https:\/\/eldiariodesanpedro.com.ar\/sitio\/wp-json\/wp\/v2\/types\/post"}],"author":[{"embeddable":true,"href":"https:\/\/eldiariodesanpedro.com.ar\/sitio\/wp-json\/wp\/v2\/users\/4"}],"replies":[{"embeddable":true,"href":"https:\/\/eldiariodesanpedro.com.ar\/sitio\/wp-json\/wp\/v2\/comments?post=113949"}],"version-history":[{"count":1,"href":"https:\/\/eldiariodesanpedro.com.ar\/sitio\/wp-json\/wp\/v2\/posts\/113949\/revisions"}],"predecessor-version":[{"id":113951,"href":"https:\/\/eldiariodesanpedro.com.ar\/sitio\/wp-json\/wp\/v2\/posts\/113949\/revisions\/113951"}],"wp:featuredmedia":[{"embeddable":true,"href":"https:\/\/eldiariodesanpedro.com.ar\/sitio\/wp-json\/wp\/v2\/media\/113950"}],"wp:attachment":[{"href":"https:\/\/eldiariodesanpedro.com.ar\/sitio\/wp-json\/wp\/v2\/media?parent=113949"}],"wp:term":[{"taxonomy":"category","embeddable":true,"href":"https:\/\/eldiariodesanpedro.com.ar\/sitio\/wp-json\/wp\/v2\/categories?post=113949"},{"taxonomy":"post_tag","embeddable":true,"href":"https:\/\/eldiariodesanpedro.com.ar\/sitio\/wp-json\/wp\/v2\/tags?post=113949"}],"curies":[{"name":"wp","href":"https:\/\/api.w.org\/{rel}","templated":true}]}}