{"id":113942,"date":"2023-01-09T14:02:03","date_gmt":"2023-01-09T17:02:03","guid":{"rendered":"https:\/\/eldiariodesanpedro.com.ar\/sitio\/?p=113942"},"modified":"2023-01-09T14:02:07","modified_gmt":"2023-01-09T17:02:07","slug":"zarate-concentracion-de-vecinos-pidiendo-justicia-por-fernando-baez-sosa-en-zarate","status":"publish","type":"post","link":"https:\/\/eldiariodesanpedro.com.ar\/sitio\/zarate-concentracion-de-vecinos-pidiendo-justicia-por-fernando-baez-sosa-en-zarate\/","title":{"rendered":"Z\u00c1RATE | Concentraci\u00f3n de vecinos pidiendo Justicia por Fernando B\u00e1ez Sosa en Z\u00e1rate"},"content":{"rendered":"<!-- VideographyWP Plugin Message: Automatic video embedding prevented by plugin options. -->\n\n<p>En la tarde\/noche de este domingo, vecinos zarate\u00f1os se congregaron en Plaza Mitre para despu\u00e9s dirigirse hacia la vereda del Palacio Municipal reclamando Justicia por Fernando B\u00e1ez Sosa, asesinado en Villa Gesell en 2019 y por el que 8 j\u00f3venes locales est\u00e1n siendo juzgados en los Tribunales de Dolores.<\/p>\n\n\n\n<iframe width=\"560\" height=\"315\" data-src=\"https:\/\/www.youtube.com\/embed\/gljNqq4ks7E\" title=\"YouTube video player\" frameborder=\"0\" allow=\"accelerometer; autoplay; clipboard-write; encrypted-media; gyroscope; picture-in-picture; web-share\" allowfullscreen src=\"data:image\/svg+xml;base64,PHN2ZyB3aWR0aD0iMSIgaGVpZ2h0PSIxIiB4bWxucz0iaHR0cDovL3d3dy53My5vcmcvMjAwMC9zdmciPjwvc3ZnPg==\" class=\"lazyload\" data-load-mode=\"1\"><\/iframe>\n","protected":false},"excerpt":{"rendered":"<p>En la tarde\/noche de este domingo, vecinos zarate\u00f1os se congregaron en Plaza Mitre para despu\u00e9s dirigirse hacia la vereda del Palacio Municipal reclamando Justicia por Fernando B\u00e1ez Sosa, asesinado en Villa Gesell en 2019 y por el que 8 j\u00f3venes locales est\u00e1n siendo juzgados en los Tribunales de Dolores.<\/p>\n","protected":false},"author":4,"featured_media":113943,"comment_status":"closed","ping_status":"closed","sticky":false,"template":"","format":"standard","meta":{"om_disable_all_campaigns":false,"_jetpack_memberships_contains_paid_content":false,"footnotes":""},"categories":[621],"tags":[197,681],"class_list":["post-113942","post","type-post","status-publish","format-standard","has-post-thumbnail","hentry","category-regionales","tag-buenos-aires","tag-regionales"],"aioseo_notices":[],"gutentor_comment":0,"jetpack_featured_media_url":"https:\/\/eldiariodesanpedro.com.ar\/sitio\/wp-content\/uploads\/2023\/01\/8d767b57-4981-4c3b-9c26-d3fe0a3386fc_658x400.jpg","jetpack_shortlink":"https:\/\/wp.me\/p6RhLt-tDM","jetpack_sharing_enabled":true,"_links":{"self":[{"href":"https:\/\/eldiariodesanpedro.com.ar\/sitio\/wp-json\/wp\/v2\/posts\/113942","targetHints":{"allow":["GET"]}}],"collection":[{"href":"https:\/\/eldiariodesanpedro.com.ar\/sitio\/wp-json\/wp\/v2\/posts"}],"about":[{"href":"https:\/\/eldiariodesanpedro.com.ar\/sitio\/wp-json\/wp\/v2\/types\/post"}],"author":[{"embeddable":true,"href":"https:\/\/eldiariodesanpedro.com.ar\/sitio\/wp-json\/wp\/v2\/users\/4"}],"replies":[{"embeddable":true,"href":"https:\/\/eldiariodesanpedro.com.ar\/sitio\/wp-json\/wp\/v2\/comments?post=113942"}],"version-history":[{"count":1,"href":"https:\/\/eldiariodesanpedro.com.ar\/sitio\/wp-json\/wp\/v2\/posts\/113942\/revisions"}],"predecessor-version":[{"id":113944,"href":"https:\/\/eldiariodesanpedro.com.ar\/sitio\/wp-json\/wp\/v2\/posts\/113942\/revisions\/113944"}],"wp:featuredmedia":[{"embeddable":true,"href":"https:\/\/eldiariodesanpedro.com.ar\/sitio\/wp-json\/wp\/v2\/media\/113943"}],"wp:attachment":[{"href":"https:\/\/eldiariodesanpedro.com.ar\/sitio\/wp-json\/wp\/v2\/media?parent=113942"}],"wp:term":[{"taxonomy":"category","embeddable":true,"href":"https:\/\/eldiariodesanpedro.com.ar\/sitio\/wp-json\/wp\/v2\/categories?post=113942"},{"taxonomy":"post_tag","embeddable":true,"href":"https:\/\/eldiariodesanpedro.com.ar\/sitio\/wp-json\/wp\/v2\/tags?post=113942"}],"curies":[{"name":"wp","href":"https:\/\/api.w.org\/{rel}","templated":true}]}}