{"id":113912,"date":"2023-01-09T11:17:31","date_gmt":"2023-01-09T14:17:31","guid":{"rendered":"https:\/\/eldiariodesanpedro.com.ar\/sitio\/?p=113912"},"modified":"2023-01-09T11:17:32","modified_gmt":"2023-01-09T14:17:32","slug":"un-ciudadano-fue-apunalado-gravemente-por-la-espalda-en-una-trifulca-vecinal-en-el-barrio-fonavi","status":"publish","type":"post","link":"https:\/\/eldiariodesanpedro.com.ar\/sitio\/un-ciudadano-fue-apunalado-gravemente-por-la-espalda-en-una-trifulca-vecinal-en-el-barrio-fonavi\/","title":{"rendered":"Un ciudadano fue apu\u00f1alado gravemente por la espalda en una trifulca vecinal en el barrio Fonavi"},"content":{"rendered":"<!-- VideographyWP Plugin Message: Automatic video embedding prevented by plugin options. -->\n\n<p>Este domingo promediando las 20:30 horas, se toma conocimiento ra\u00edz del servicio de 911 emergencias sobre herido arma blanca barrio Fonavi, donde se constituye el personal policial constatando que un ciudadano de 28&nbsp;a\u00f1os tras un conflicto vecinal es agredido con cuchillo debajo axila izquierda y lateral mismo lado, siendo trasladado hacia nosocomio presenta lesiones car\u00e1cter graves, siendo intervenido quir\u00fargicamente, con riesgo de vida.<\/p>\n\n\n\n<p>Asimismo tras recabar testimonios y dem\u00e1s recaudos se logra identificar la autor\u00eda aprehendi\u00e9ndose a un ciudadano de 17 a\u00f1os.<\/p>\n\n\n\n<p>Anteviniendo la UFI Joven San Nicol\u00e1s, disponiendo que se lo notifique de la formaci\u00f3n de la causa, luego alojado.<\/p>\n","protected":false},"excerpt":{"rendered":"<p>Este domingo promediando las 20:30 horas, se toma conocimiento ra\u00edz del servicio de 911 emergencias sobre herido arma blanca barrio Fonavi, donde se constituye el personal policial constatando que un ciudadano de 28&nbsp;a\u00f1os tras un conflicto vecinal es agredido con cuchillo debajo axila izquierda y lateral mismo lado, siendo trasladado hacia nosocomio presenta lesiones car\u00e1cter [&hellip;]<\/p>\n","protected":false},"author":4,"featured_media":66938,"comment_status":"closed","ping_status":"closed","sticky":false,"template":"","format":"standard","meta":{"om_disable_all_campaigns":false,"_jetpack_memberships_contains_paid_content":false,"footnotes":""},"categories":[50,2,103],"tags":[197,33,95,19],"class_list":["post-113912","post","type-post","status-publish","format-standard","has-post-thumbnail","hentry","category-destacadas","category-locales","category-policiales-locales","tag-buenos-aires","tag-locales","tag-policiales","tag-san-pedro"],"aioseo_notices":[],"gutentor_comment":0,"jetpack_featured_media_url":"https:\/\/eldiariodesanpedro.com.ar\/sitio\/wp-content\/uploads\/2020\/01\/guardia-san-pedro-poli.jpg","jetpack_shortlink":"https:\/\/wp.me\/p6RhLt-tDi","jetpack_sharing_enabled":true,"_links":{"self":[{"href":"https:\/\/eldiariodesanpedro.com.ar\/sitio\/wp-json\/wp\/v2\/posts\/113912","targetHints":{"allow":["GET"]}}],"collection":[{"href":"https:\/\/eldiariodesanpedro.com.ar\/sitio\/wp-json\/wp\/v2\/posts"}],"about":[{"href":"https:\/\/eldiariodesanpedro.com.ar\/sitio\/wp-json\/wp\/v2\/types\/post"}],"author":[{"embeddable":true,"href":"https:\/\/eldiariodesanpedro.com.ar\/sitio\/wp-json\/wp\/v2\/users\/4"}],"replies":[{"embeddable":true,"href":"https:\/\/eldiariodesanpedro.com.ar\/sitio\/wp-json\/wp\/v2\/comments?post=113912"}],"version-history":[{"count":1,"href":"https:\/\/eldiariodesanpedro.com.ar\/sitio\/wp-json\/wp\/v2\/posts\/113912\/revisions"}],"predecessor-version":[{"id":113913,"href":"https:\/\/eldiariodesanpedro.com.ar\/sitio\/wp-json\/wp\/v2\/posts\/113912\/revisions\/113913"}],"wp:featuredmedia":[{"embeddable":true,"href":"https:\/\/eldiariodesanpedro.com.ar\/sitio\/wp-json\/wp\/v2\/media\/66938"}],"wp:attachment":[{"href":"https:\/\/eldiariodesanpedro.com.ar\/sitio\/wp-json\/wp\/v2\/media?parent=113912"}],"wp:term":[{"taxonomy":"category","embeddable":true,"href":"https:\/\/eldiariodesanpedro.com.ar\/sitio\/wp-json\/wp\/v2\/categories?post=113912"},{"taxonomy":"post_tag","embeddable":true,"href":"https:\/\/eldiariodesanpedro.com.ar\/sitio\/wp-json\/wp\/v2\/tags?post=113912"}],"curies":[{"name":"wp","href":"https:\/\/api.w.org\/{rel}","templated":true}]}}