{"id":113908,"date":"2023-01-09T10:58:46","date_gmt":"2023-01-09T13:58:46","guid":{"rendered":"https:\/\/eldiariodesanpedro.com.ar\/sitio\/?p=113908"},"modified":"2023-01-09T10:58:47","modified_gmt":"2023-01-09T13:58:47","slug":"se-secuestro-un-machete-en-allanamiento-por-una-causa-de-amenazas","status":"publish","type":"post","link":"https:\/\/eldiariodesanpedro.com.ar\/sitio\/se-secuestro-un-machete-en-allanamiento-por-una-causa-de-amenazas\/","title":{"rendered":"Se secuestr\u00f3 un machete en allanamiento por una causa de amenazas"},"content":{"rendered":"<!-- VideographyWP Plugin Message: Automatic video embedding prevented by plugin options. -->\n\n<p>Este domingo se realiz\u00f3 un allanamiento donde por una causa de amenazas graves se realiz\u00f3 un allanamiento donde se secuestr\u00f3 un allanamiento.<\/p>\n\n\n\n<p>En el d\u00eda de ayer promediando las 18:30 horas tras denuncia radicada en la comisar\u00eda local, el personal de policial Junto a la grupo de trabajo GTO y tras recabar testimonios, se realiz\u00f3 por una orden de allanamiento otorgado por el Juzgado de Garant\u00edas n\u00famero 21 de San Nicol\u00e1s, en una vivienda ubicado en calle 60 al 1000 aproximadamente, secuestr\u00e1ndose un machete de 50 cent\u00edmetros, procedi\u00e9ndose a la aprehensi\u00f3n de su morador, notific\u00e1ndolo de la formaci\u00f3n de la causa y puesto en libertad por disposici\u00f3n de la UFI11.-\u00a0\u00a0\u00a0\u00a0\u00a0\u00a0\u00a0\u00a0<\/p>\n\n\n\n<figure class=\"wp-block-image size-full\"><img decoding=\"async\" width=\"466\" height=\"621\" data-attachment-id=\"113910\" data-permalink=\"https:\/\/eldiariodesanpedro.com.ar\/sitio\/se-secuestro-un-machete-en-allanamiento-por-una-causa-de-amenazas\/1-253\/\" data-orig-file=\"https:\/\/eldiariodesanpedro.com.ar\/sitio\/wp-content\/uploads\/2023\/01\/1-3.jpg\" data-orig-size=\"466,621\" data-comments-opened=\"0\" data-image-meta=\"{&quot;aperture&quot;:&quot;0&quot;,&quot;credit&quot;:&quot;&quot;,&quot;camera&quot;:&quot;&quot;,&quot;caption&quot;:&quot;&quot;,&quot;created_timestamp&quot;:&quot;0&quot;,&quot;copyright&quot;:&quot;&quot;,&quot;focal_length&quot;:&quot;0&quot;,&quot;iso&quot;:&quot;0&quot;,&quot;shutter_speed&quot;:&quot;0&quot;,&quot;title&quot;:&quot;&quot;,&quot;orientation&quot;:&quot;0&quot;}\" data-image-title=\"1\" data-image-description=\"\" data-image-caption=\"\" data-large-file=\"https:\/\/eldiariodesanpedro.com.ar\/sitio\/wp-content\/uploads\/2023\/01\/1-3.jpg\" data-src=\"https:\/\/eldiariodesanpedro.com.ar\/sitio\/wp-content\/uploads\/2023\/01\/1-3.jpg\" alt=\"\" class=\"wp-image-113910 lazyload\" data-srcset=\"https:\/\/eldiariodesanpedro.com.ar\/sitio\/wp-content\/uploads\/2023\/01\/1-3.jpg 466w, https:\/\/eldiariodesanpedro.com.ar\/sitio\/wp-content\/uploads\/2023\/01\/1-3-225x300.jpg 225w\" data-sizes=\"(max-width: 466px) 100vw, 466px\" src=\"data:image\/svg+xml;base64,PHN2ZyB3aWR0aD0iMSIgaGVpZ2h0PSIxIiB4bWxucz0iaHR0cDovL3d3dy53My5vcmcvMjAwMC9zdmciPjwvc3ZnPg==\" style=\"--smush-placeholder-width: 466px; --smush-placeholder-aspect-ratio: 466\/621;\" \/><\/figure>\n\n\n\n<p>\u00a0\u00a0\u00a0<\/p>\n","protected":false},"excerpt":{"rendered":"<p>Este domingo se realiz\u00f3 un allanamiento donde por una causa de amenazas graves se realiz\u00f3 un allanamiento donde se secuestr\u00f3 un allanamiento. En el d\u00eda de ayer promediando las 18:30 horas tras denuncia radicada en la comisar\u00eda local, el personal de policial Junto a la grupo de trabajo GTO y tras recabar testimonios, se realiz\u00f3 [&hellip;]<\/p>\n","protected":false},"author":4,"featured_media":113909,"comment_status":"closed","ping_status":"closed","sticky":false,"template":"","format":"standard","meta":{"om_disable_all_campaigns":false,"_jetpack_memberships_contains_paid_content":false,"footnotes":""},"categories":[50,2,103],"tags":[197,33,95,19],"class_list":["post-113908","post","type-post","status-publish","format-standard","has-post-thumbnail","hentry","category-destacadas","category-locales","category-policiales-locales","tag-buenos-aires","tag-locales","tag-policiales","tag-san-pedro"],"aioseo_notices":[],"gutentor_comment":0,"jetpack_featured_media_url":"https:\/\/eldiariodesanpedro.com.ar\/sitio\/wp-content\/uploads\/2023\/01\/medida-2-7.jpg","jetpack_shortlink":"https:\/\/wp.me\/p6RhLt-tDe","jetpack_sharing_enabled":true,"_links":{"self":[{"href":"https:\/\/eldiariodesanpedro.com.ar\/sitio\/wp-json\/wp\/v2\/posts\/113908","targetHints":{"allow":["GET"]}}],"collection":[{"href":"https:\/\/eldiariodesanpedro.com.ar\/sitio\/wp-json\/wp\/v2\/posts"}],"about":[{"href":"https:\/\/eldiariodesanpedro.com.ar\/sitio\/wp-json\/wp\/v2\/types\/post"}],"author":[{"embeddable":true,"href":"https:\/\/eldiariodesanpedro.com.ar\/sitio\/wp-json\/wp\/v2\/users\/4"}],"replies":[{"embeddable":true,"href":"https:\/\/eldiariodesanpedro.com.ar\/sitio\/wp-json\/wp\/v2\/comments?post=113908"}],"version-history":[{"count":1,"href":"https:\/\/eldiariodesanpedro.com.ar\/sitio\/wp-json\/wp\/v2\/posts\/113908\/revisions"}],"predecessor-version":[{"id":113911,"href":"https:\/\/eldiariodesanpedro.com.ar\/sitio\/wp-json\/wp\/v2\/posts\/113908\/revisions\/113911"}],"wp:featuredmedia":[{"embeddable":true,"href":"https:\/\/eldiariodesanpedro.com.ar\/sitio\/wp-json\/wp\/v2\/media\/113909"}],"wp:attachment":[{"href":"https:\/\/eldiariodesanpedro.com.ar\/sitio\/wp-json\/wp\/v2\/media?parent=113908"}],"wp:term":[{"taxonomy":"category","embeddable":true,"href":"https:\/\/eldiariodesanpedro.com.ar\/sitio\/wp-json\/wp\/v2\/categories?post=113908"},{"taxonomy":"post_tag","embeddable":true,"href":"https:\/\/eldiariodesanpedro.com.ar\/sitio\/wp-json\/wp\/v2\/tags?post=113908"}],"curies":[{"name":"wp","href":"https:\/\/api.w.org\/{rel}","templated":true}]}}