{"id":113902,"date":"2023-01-09T10:46:16","date_gmt":"2023-01-09T13:46:16","guid":{"rendered":"https:\/\/eldiariodesanpedro.com.ar\/sitio\/?p=113902"},"modified":"2023-01-09T10:46:18","modified_gmt":"2023-01-09T13:46:18","slug":"una-joven-fue-asaltada-y-como-no-le-quiso-entregar-el-celular-el-delincuente-le-corto-la-oreja","status":"publish","type":"post","link":"https:\/\/eldiariodesanpedro.com.ar\/sitio\/una-joven-fue-asaltada-y-como-no-le-quiso-entregar-el-celular-el-delincuente-le-corto-la-oreja\/","title":{"rendered":"Una joven fue asaltada y como no le quiso entregar el celular el delincuente le corto la oreja"},"content":{"rendered":"<!-- VideographyWP Plugin Message: Automatic video embedding prevented by plugin options. -->\n\n<p>Este domingo promediando las 08 hs tras r\u00e1pido accionar el personal policial de la comisar\u00eda local se hace presente en Calle Alvarado y Cruz Roja proceden a la aprehensi\u00f3n de ciudadano de 22 a\u00f1os quien momentos previos en calle Benefactora Sampedrina al 1600 utilizando arma blanca, sustrae un tel\u00e9fono celular Samsung A20 propiedad de ciudadano de 21 a\u00f1os, comenzando forcejeo entre ambos donde la victima&nbsp; recibe corte en oreja derecha obteniendo lesiones car\u00e1cter leves.<\/p>\n\n\n\n<p>Int. UFI 11 dispone notificaci\u00f3n de la formaci\u00f3n de la causa, alojado.-<\/p>\n","protected":false},"excerpt":{"rendered":"<p>Este domingo promediando las 08 hs tras r\u00e1pido accionar el personal policial de la comisar\u00eda local se hace presente en Calle Alvarado y Cruz Roja proceden a la aprehensi\u00f3n de ciudadano de 22 a\u00f1os quien momentos previos en calle Benefactora Sampedrina al 1600 utilizando arma blanca, sustrae un tel\u00e9fono celular Samsung A20 propiedad de ciudadano [&hellip;]<\/p>\n","protected":false},"author":4,"featured_media":113906,"comment_status":"closed","ping_status":"closed","sticky":false,"template":"","format":"standard","meta":{"om_disable_all_campaigns":false,"_jetpack_memberships_contains_paid_content":false,"footnotes":""},"categories":[50,2,103],"tags":[197,33,95,19],"class_list":["post-113902","post","type-post","status-publish","format-standard","has-post-thumbnail","hentry","category-destacadas","category-locales","category-policiales-locales","tag-buenos-aires","tag-locales","tag-policiales","tag-san-pedro"],"aioseo_notices":[],"gutentor_comment":0,"jetpack_featured_media_url":"https:\/\/eldiariodesanpedro.com.ar\/sitio\/wp-content\/uploads\/2023\/01\/medida-2-6.jpg","jetpack_shortlink":"https:\/\/wp.me\/p6RhLt-tD8","jetpack_sharing_enabled":true,"_links":{"self":[{"href":"https:\/\/eldiariodesanpedro.com.ar\/sitio\/wp-json\/wp\/v2\/posts\/113902","targetHints":{"allow":["GET"]}}],"collection":[{"href":"https:\/\/eldiariodesanpedro.com.ar\/sitio\/wp-json\/wp\/v2\/posts"}],"about":[{"href":"https:\/\/eldiariodesanpedro.com.ar\/sitio\/wp-json\/wp\/v2\/types\/post"}],"author":[{"embeddable":true,"href":"https:\/\/eldiariodesanpedro.com.ar\/sitio\/wp-json\/wp\/v2\/users\/4"}],"replies":[{"embeddable":true,"href":"https:\/\/eldiariodesanpedro.com.ar\/sitio\/wp-json\/wp\/v2\/comments?post=113902"}],"version-history":[{"count":1,"href":"https:\/\/eldiariodesanpedro.com.ar\/sitio\/wp-json\/wp\/v2\/posts\/113902\/revisions"}],"predecessor-version":[{"id":113907,"href":"https:\/\/eldiariodesanpedro.com.ar\/sitio\/wp-json\/wp\/v2\/posts\/113902\/revisions\/113907"}],"wp:featuredmedia":[{"embeddable":true,"href":"https:\/\/eldiariodesanpedro.com.ar\/sitio\/wp-json\/wp\/v2\/media\/113906"}],"wp:attachment":[{"href":"https:\/\/eldiariodesanpedro.com.ar\/sitio\/wp-json\/wp\/v2\/media?parent=113902"}],"wp:term":[{"taxonomy":"category","embeddable":true,"href":"https:\/\/eldiariodesanpedro.com.ar\/sitio\/wp-json\/wp\/v2\/categories?post=113902"},{"taxonomy":"post_tag","embeddable":true,"href":"https:\/\/eldiariodesanpedro.com.ar\/sitio\/wp-json\/wp\/v2\/tags?post=113902"}],"curies":[{"name":"wp","href":"https:\/\/api.w.org\/{rel}","templated":true}]}}