{"id":113886,"date":"2023-01-07T20:59:12","date_gmt":"2023-01-07T23:59:12","guid":{"rendered":"https:\/\/eldiariodesanpedro.com.ar\/sitio\/?p=113886"},"modified":"2023-01-07T20:59:14","modified_gmt":"2023-01-07T23:59:14","slug":"un-joven-y-una-acompanante-resultaron-con-lesiones-tras-caerse-de-la-moto-en-la-madrugada-de-hoy","status":"publish","type":"post","link":"https:\/\/eldiariodesanpedro.com.ar\/sitio\/un-joven-y-una-acompanante-resultaron-con-lesiones-tras-caerse-de-la-moto-en-la-madrugada-de-hoy\/","title":{"rendered":"Un joven y una acompa\u00f1ante resultaron con lesiones tras caerse de la moto en la madrugada de hoy"},"content":{"rendered":"<!-- VideographyWP Plugin Message: Automatic video embedding prevented by plugin options. -->\n\n<p>En horas de la madrugada efectivos policiales de la comisaria acuden a calle R\u00f3mulo Naon y Ruta 1001, donde por circunstancias que se tratan de establecer motocicleta marca Gilera&nbsp; 110 sin dominio se hallaba tirada en cinta asf\u00e1ltica.<\/p>\n\n\n\n<p>En el lugar se encontraba joven de 15 a\u00f1os de edad, quien se encontraba al lado del rodado y femenina de 20 a\u00f1os la cual se encontraba inconsciente recostada en la cinta asf\u00e1ltica la cual refiere dolor en pierna y brazo izquierdo.<\/p>\n\n\n\n<p>Como resultado del impacto la joven fue trasladada en ambulancia a nosocomio local, tras la asistencia se determin\u00f3 lesiones de car\u00e1cter leves.<\/p>\n\n\n\n<p>Conocimiento UFI del joven dispuso actuaciones de rigor y secuestro del rodado a disposici\u00f3n del Juzgado de faltas.<\/p>\n\n\n\n<figure class=\"wp-block-image size-large\"><img decoding=\"async\" width=\"1024\" height=\"576\" data-attachment-id=\"113887\" data-permalink=\"https:\/\/eldiariodesanpedro.com.ar\/sitio\/un-joven-y-una-acompanante-resultaron-con-lesiones-tras-caerse-de-la-moto-en-la-madrugada-de-hoy\/11-20\/\" data-orig-file=\"https:\/\/eldiariodesanpedro.com.ar\/sitio\/wp-content\/uploads\/2023\/01\/11-1.jpg\" data-orig-size=\"1120,630\" data-comments-opened=\"0\" data-image-meta=\"{&quot;aperture&quot;:&quot;0&quot;,&quot;credit&quot;:&quot;&quot;,&quot;camera&quot;:&quot;&quot;,&quot;caption&quot;:&quot;&quot;,&quot;created_timestamp&quot;:&quot;0&quot;,&quot;copyright&quot;:&quot;&quot;,&quot;focal_length&quot;:&quot;0&quot;,&quot;iso&quot;:&quot;0&quot;,&quot;shutter_speed&quot;:&quot;0&quot;,&quot;title&quot;:&quot;&quot;,&quot;orientation&quot;:&quot;0&quot;}\" data-image-title=\"11\" data-image-description=\"\" data-image-caption=\"\" data-large-file=\"https:\/\/eldiariodesanpedro.com.ar\/sitio\/wp-content\/uploads\/2023\/01\/11-1-1024x576.jpg\" data-src=\"https:\/\/eldiariodesanpedro.com.ar\/sitio\/wp-content\/uploads\/2023\/01\/11-1-1024x576.jpg\" alt=\"\" class=\"wp-image-113887 lazyload\" data-srcset=\"https:\/\/eldiariodesanpedro.com.ar\/sitio\/wp-content\/uploads\/2023\/01\/11-1-1024x576.jpg 1024w, https:\/\/eldiariodesanpedro.com.ar\/sitio\/wp-content\/uploads\/2023\/01\/11-1-300x169.jpg 300w, https:\/\/eldiariodesanpedro.com.ar\/sitio\/wp-content\/uploads\/2023\/01\/11-1-768x432.jpg 768w, https:\/\/eldiariodesanpedro.com.ar\/sitio\/wp-content\/uploads\/2023\/01\/11-1.jpg 1120w\" data-sizes=\"(max-width: 1024px) 100vw, 1024px\" src=\"data:image\/svg+xml;base64,PHN2ZyB3aWR0aD0iMSIgaGVpZ2h0PSIxIiB4bWxucz0iaHR0cDovL3d3dy53My5vcmcvMjAwMC9zdmciPjwvc3ZnPg==\" style=\"--smush-placeholder-width: 1024px; --smush-placeholder-aspect-ratio: 1024\/576;\" \/><\/figure>\n","protected":false},"excerpt":{"rendered":"<p>En horas de la madrugada efectivos policiales de la comisaria acuden a calle R\u00f3mulo Naon y Ruta 1001, donde por circunstancias que se tratan de establecer motocicleta marca Gilera&nbsp; 110 sin dominio se hallaba tirada en cinta asf\u00e1ltica. En el lugar se encontraba joven de 15 a\u00f1os de edad, quien se encontraba al lado del [&hellip;]<\/p>\n","protected":false},"author":4,"featured_media":113888,"comment_status":"closed","ping_status":"closed","sticky":false,"template":"","format":"standard","meta":{"om_disable_all_campaigns":false,"_jetpack_memberships_contains_paid_content":false,"footnotes":""},"categories":[2,103],"tags":[197,33,95,19],"class_list":["post-113886","post","type-post","status-publish","format-standard","has-post-thumbnail","hentry","category-locales","category-policiales-locales","tag-buenos-aires","tag-locales","tag-policiales","tag-san-pedro"],"aioseo_notices":[],"gutentor_comment":0,"jetpack_featured_media_url":"https:\/\/eldiariodesanpedro.com.ar\/sitio\/wp-content\/uploads\/2023\/01\/12.jpg","jetpack_shortlink":"https:\/\/wp.me\/p6RhLt-tCS","jetpack_sharing_enabled":true,"_links":{"self":[{"href":"https:\/\/eldiariodesanpedro.com.ar\/sitio\/wp-json\/wp\/v2\/posts\/113886","targetHints":{"allow":["GET"]}}],"collection":[{"href":"https:\/\/eldiariodesanpedro.com.ar\/sitio\/wp-json\/wp\/v2\/posts"}],"about":[{"href":"https:\/\/eldiariodesanpedro.com.ar\/sitio\/wp-json\/wp\/v2\/types\/post"}],"author":[{"embeddable":true,"href":"https:\/\/eldiariodesanpedro.com.ar\/sitio\/wp-json\/wp\/v2\/users\/4"}],"replies":[{"embeddable":true,"href":"https:\/\/eldiariodesanpedro.com.ar\/sitio\/wp-json\/wp\/v2\/comments?post=113886"}],"version-history":[{"count":1,"href":"https:\/\/eldiariodesanpedro.com.ar\/sitio\/wp-json\/wp\/v2\/posts\/113886\/revisions"}],"predecessor-version":[{"id":113889,"href":"https:\/\/eldiariodesanpedro.com.ar\/sitio\/wp-json\/wp\/v2\/posts\/113886\/revisions\/113889"}],"wp:featuredmedia":[{"embeddable":true,"href":"https:\/\/eldiariodesanpedro.com.ar\/sitio\/wp-json\/wp\/v2\/media\/113888"}],"wp:attachment":[{"href":"https:\/\/eldiariodesanpedro.com.ar\/sitio\/wp-json\/wp\/v2\/media?parent=113886"}],"wp:term":[{"taxonomy":"category","embeddable":true,"href":"https:\/\/eldiariodesanpedro.com.ar\/sitio\/wp-json\/wp\/v2\/categories?post=113886"},{"taxonomy":"post_tag","embeddable":true,"href":"https:\/\/eldiariodesanpedro.com.ar\/sitio\/wp-json\/wp\/v2\/tags?post=113886"}],"curies":[{"name":"wp","href":"https:\/\/api.w.org\/{rel}","templated":true}]}}