{"id":113876,"date":"2023-01-07T20:20:53","date_gmt":"2023-01-07T23:20:53","guid":{"rendered":"https:\/\/eldiariodesanpedro.com.ar\/sitio\/?p=113876"},"modified":"2023-01-07T20:20:55","modified_gmt":"2023-01-07T23:20:55","slug":"joven-aprehendido-tras-realizar-amenazas-de-muerte-a-su-ex-pareja","status":"publish","type":"post","link":"https:\/\/eldiariodesanpedro.com.ar\/sitio\/joven-aprehendido-tras-realizar-amenazas-de-muerte-a-su-ex-pareja\/","title":{"rendered":"Joven aprehendido tras realizar amenazas de muerte a su ex pareja"},"content":{"rendered":"<!-- VideographyWP Plugin Message: Automatic video embedding prevented by plugin options. -->\n\n<p>En la jornada de ayer viernes el personal policial de la comisaria a ra\u00edz de un &nbsp;llamado acude a calle Riobamba al 1600, donde aprehenden a masculino de 23 a\u00f1os de edad, quien se encontraba en el domicilio de su ex pareja, femenina de 24 a\u00f1os, refiri\u00e9ndole amenazas verbales.<\/p>\n\n\n\n<p>La v\u00edctima fue trasladada a la Comisaria de la Mujer y la Familia a fines de recepci\u00f3n de declaraci\u00f3n testimonial.<\/p>\n\n\n\n<p>Interviene UFI N\u00b0 11 quien avala proceder policial, dispone notificaciones por el art 60 CPP &nbsp;y permanezca alojado a remisi\u00f3n sede fiscal a primera audiencia.<\/p>\n","protected":false},"excerpt":{"rendered":"<p>En la jornada de ayer viernes el personal policial de la comisaria a ra\u00edz de un &nbsp;llamado acude a calle Riobamba al 1600, donde aprehenden a masculino de 23 a\u00f1os de edad, quien se encontraba en el domicilio de su ex pareja, femenina de 24 a\u00f1os, refiri\u00e9ndole amenazas verbales. La v\u00edctima fue trasladada a la [&hellip;]<\/p>\n","protected":false},"author":4,"featured_media":113877,"comment_status":"closed","ping_status":"closed","sticky":false,"template":"","format":"standard","meta":{"om_disable_all_campaigns":false,"_jetpack_memberships_contains_paid_content":false,"footnotes":""},"categories":[2,103],"tags":[197,33,95,19],"class_list":["post-113876","post","type-post","status-publish","format-standard","has-post-thumbnail","hentry","category-locales","category-policiales-locales","tag-buenos-aires","tag-locales","tag-policiales","tag-san-pedro"],"aioseo_notices":[],"gutentor_comment":0,"jetpack_featured_media_url":"https:\/\/eldiariodesanpedro.com.ar\/sitio\/wp-content\/uploads\/2023\/01\/medida-2-5.jpg","jetpack_shortlink":"https:\/\/wp.me\/p6RhLt-tCI","jetpack_sharing_enabled":true,"_links":{"self":[{"href":"https:\/\/eldiariodesanpedro.com.ar\/sitio\/wp-json\/wp\/v2\/posts\/113876","targetHints":{"allow":["GET"]}}],"collection":[{"href":"https:\/\/eldiariodesanpedro.com.ar\/sitio\/wp-json\/wp\/v2\/posts"}],"about":[{"href":"https:\/\/eldiariodesanpedro.com.ar\/sitio\/wp-json\/wp\/v2\/types\/post"}],"author":[{"embeddable":true,"href":"https:\/\/eldiariodesanpedro.com.ar\/sitio\/wp-json\/wp\/v2\/users\/4"}],"replies":[{"embeddable":true,"href":"https:\/\/eldiariodesanpedro.com.ar\/sitio\/wp-json\/wp\/v2\/comments?post=113876"}],"version-history":[{"count":1,"href":"https:\/\/eldiariodesanpedro.com.ar\/sitio\/wp-json\/wp\/v2\/posts\/113876\/revisions"}],"predecessor-version":[{"id":113878,"href":"https:\/\/eldiariodesanpedro.com.ar\/sitio\/wp-json\/wp\/v2\/posts\/113876\/revisions\/113878"}],"wp:featuredmedia":[{"embeddable":true,"href":"https:\/\/eldiariodesanpedro.com.ar\/sitio\/wp-json\/wp\/v2\/media\/113877"}],"wp:attachment":[{"href":"https:\/\/eldiariodesanpedro.com.ar\/sitio\/wp-json\/wp\/v2\/media?parent=113876"}],"wp:term":[{"taxonomy":"category","embeddable":true,"href":"https:\/\/eldiariodesanpedro.com.ar\/sitio\/wp-json\/wp\/v2\/categories?post=113876"},{"taxonomy":"post_tag","embeddable":true,"href":"https:\/\/eldiariodesanpedro.com.ar\/sitio\/wp-json\/wp\/v2\/tags?post=113876"}],"curies":[{"name":"wp","href":"https:\/\/api.w.org\/{rel}","templated":true}]}}