{"id":113862,"date":"2023-01-07T20:10:07","date_gmt":"2023-01-07T23:10:07","guid":{"rendered":"https:\/\/eldiariodesanpedro.com.ar\/sitio\/?p=113862"},"modified":"2023-01-07T20:10:08","modified_gmt":"2023-01-07T23:10:08","slug":"con-el-uso-de-la-aplicacion-basapp-se-pudo-aprehender-a-un-ciudadano-que-violo-la-perimetral","status":"publish","type":"post","link":"https:\/\/eldiariodesanpedro.com.ar\/sitio\/con-el-uso-de-la-aplicacion-basapp-se-pudo-aprehender-a-un-ciudadano-que-violo-la-perimetral\/","title":{"rendered":"Con el uso de la aplicaci\u00f3n BasApp se pudo aprehender a un ciudadano que violo la perimetral"},"content":{"rendered":"<!-- VideographyWP Plugin Message: Automatic video embedding prevented by plugin options. -->\n\n<p>Este viernes, el personal policial de la comisar\u00eda local a ra\u00edz de un alerta con la nueva aplicaci\u00f3n antip\u00e1tico BASSAP se hace presente en calle Ansaloni al N\u00b0 400, donde aprehendi\u00f3 a un ciudadano de 37 a\u00f1os de edad, quien se hallaba incumpliendo per\u00edmetro en vigencia en domicilio de su ex pareja femenina de 37 a\u00f1os y a quien le refer\u00eda amenazas.<\/p>\n\n\n\n<p>La v\u00edctima fue trasladada a la Comisaria de la Mujer y la Familia a los fines de prestar declaraci\u00f3n testimonial.<\/p>\n\n\n\n<p>Interviene UFI N\u00b0 11 avala proceder policial, dispone notificaci\u00f3n por el articulo 60 CPP por lo que permanecer\u00e1 alojado en sector de calabozos.-<\/p>\n","protected":false},"excerpt":{"rendered":"<p>Este viernes, el personal policial de la comisar\u00eda local a ra\u00edz de un alerta con la nueva aplicaci\u00f3n antip\u00e1tico BASSAP se hace presente en calle Ansaloni al N\u00b0 400, donde aprehendi\u00f3 a un ciudadano de 37 a\u00f1os de edad, quien se hallaba incumpliendo per\u00edmetro en vigencia en domicilio de su ex pareja femenina de 37 [&hellip;]<\/p>\n","protected":false},"author":4,"featured_media":113875,"comment_status":"closed","ping_status":"closed","sticky":false,"template":"","format":"standard","meta":{"om_disable_all_campaigns":false,"_jetpack_memberships_contains_paid_content":false,"footnotes":""},"categories":[2,103],"tags":[197,33,95,19],"class_list":["post-113862","post","type-post","status-publish","format-standard","has-post-thumbnail","hentry","category-locales","category-policiales-locales","tag-buenos-aires","tag-locales","tag-policiales","tag-san-pedro"],"aioseo_notices":[],"gutentor_comment":0,"jetpack_featured_media_url":"https:\/\/eldiariodesanpedro.com.ar\/sitio\/wp-content\/uploads\/2023\/01\/medida-1-1.jpg","jetpack_shortlink":"https:\/\/wp.me\/p6RhLt-tCu","jetpack_sharing_enabled":true,"_links":{"self":[{"href":"https:\/\/eldiariodesanpedro.com.ar\/sitio\/wp-json\/wp\/v2\/posts\/113862","targetHints":{"allow":["GET"]}}],"collection":[{"href":"https:\/\/eldiariodesanpedro.com.ar\/sitio\/wp-json\/wp\/v2\/posts"}],"about":[{"href":"https:\/\/eldiariodesanpedro.com.ar\/sitio\/wp-json\/wp\/v2\/types\/post"}],"author":[{"embeddable":true,"href":"https:\/\/eldiariodesanpedro.com.ar\/sitio\/wp-json\/wp\/v2\/users\/4"}],"replies":[{"embeddable":true,"href":"https:\/\/eldiariodesanpedro.com.ar\/sitio\/wp-json\/wp\/v2\/comments?post=113862"}],"version-history":[{"count":1,"href":"https:\/\/eldiariodesanpedro.com.ar\/sitio\/wp-json\/wp\/v2\/posts\/113862\/revisions"}],"predecessor-version":[{"id":113863,"href":"https:\/\/eldiariodesanpedro.com.ar\/sitio\/wp-json\/wp\/v2\/posts\/113862\/revisions\/113863"}],"wp:featuredmedia":[{"embeddable":true,"href":"https:\/\/eldiariodesanpedro.com.ar\/sitio\/wp-json\/wp\/v2\/media\/113875"}],"wp:attachment":[{"href":"https:\/\/eldiariodesanpedro.com.ar\/sitio\/wp-json\/wp\/v2\/media?parent=113862"}],"wp:term":[{"taxonomy":"category","embeddable":true,"href":"https:\/\/eldiariodesanpedro.com.ar\/sitio\/wp-json\/wp\/v2\/categories?post=113862"},{"taxonomy":"post_tag","embeddable":true,"href":"https:\/\/eldiariodesanpedro.com.ar\/sitio\/wp-json\/wp\/v2\/tags?post=113862"}],"curies":[{"name":"wp","href":"https:\/\/api.w.org\/{rel}","templated":true}]}}