{"id":113858,"date":"2023-01-07T17:43:06","date_gmt":"2023-01-07T20:43:06","guid":{"rendered":"https:\/\/eldiariodesanpedro.com.ar\/sitio\/?p=113858"},"modified":"2023-01-07T17:43:07","modified_gmt":"2023-01-07T20:43:07","slug":"joven-aprehendido-por-pedido-de-captura-por-una-causa-de-hurto","status":"publish","type":"post","link":"https:\/\/eldiariodesanpedro.com.ar\/sitio\/joven-aprehendido-por-pedido-de-captura-por-una-causa-de-hurto\/","title":{"rendered":"Joven aprehendido por pedido de captura por una causa de hurto"},"content":{"rendered":"<!-- VideographyWP Plugin Message: Automatic video embedding prevented by plugin options. -->\n\n<p>Un joven fue aprehendido a requerimiento de una causa de hurto ocurrido el pasado mes de noviembre.<\/p>\n\n\n\n<p>En la jornada de ayer viernes el personal policial de la comisar\u00eda local en recorrida se hace presente en calle Bottaro y Chacabuco, donde aprehendi\u00f3 a ciudadano de 20 a\u00f1os de edad, quien presenta pedido de captura activa, con fecha de alta el d\u00eda 25 de noviembre de 2022, caratuladas hurto, a requerimiento de la UFI Del Joven, San Nicol\u00e1s, quien dispone notificaci\u00f3n de su comparecencia a dicho Magistrado interviniente.<\/p>\n","protected":false},"excerpt":{"rendered":"<p>Un joven fue aprehendido a requerimiento de una causa de hurto ocurrido el pasado mes de noviembre. En la jornada de ayer viernes el personal policial de la comisar\u00eda local en recorrida se hace presente en calle Bottaro y Chacabuco, donde aprehendi\u00f3 a ciudadano de 20 a\u00f1os de edad, quien presenta pedido de captura activa, [&hellip;]<\/p>\n","protected":false},"author":4,"featured_media":113860,"comment_status":"closed","ping_status":"closed","sticky":false,"template":"","format":"standard","meta":{"om_disable_all_campaigns":false,"_jetpack_memberships_contains_paid_content":false,"footnotes":""},"categories":[2,103],"tags":[197,33,95,19],"class_list":["post-113858","post","type-post","status-publish","format-standard","has-post-thumbnail","hentry","category-locales","category-policiales-locales","tag-buenos-aires","tag-locales","tag-policiales","tag-san-pedro"],"aioseo_notices":[],"gutentor_comment":0,"jetpack_featured_media_url":"https:\/\/eldiariodesanpedro.com.ar\/sitio\/wp-content\/uploads\/2023\/01\/1-1-1.jpg","jetpack_shortlink":"https:\/\/wp.me\/p6RhLt-tCq","jetpack_sharing_enabled":true,"_links":{"self":[{"href":"https:\/\/eldiariodesanpedro.com.ar\/sitio\/wp-json\/wp\/v2\/posts\/113858","targetHints":{"allow":["GET"]}}],"collection":[{"href":"https:\/\/eldiariodesanpedro.com.ar\/sitio\/wp-json\/wp\/v2\/posts"}],"about":[{"href":"https:\/\/eldiariodesanpedro.com.ar\/sitio\/wp-json\/wp\/v2\/types\/post"}],"author":[{"embeddable":true,"href":"https:\/\/eldiariodesanpedro.com.ar\/sitio\/wp-json\/wp\/v2\/users\/4"}],"replies":[{"embeddable":true,"href":"https:\/\/eldiariodesanpedro.com.ar\/sitio\/wp-json\/wp\/v2\/comments?post=113858"}],"version-history":[{"count":1,"href":"https:\/\/eldiariodesanpedro.com.ar\/sitio\/wp-json\/wp\/v2\/posts\/113858\/revisions"}],"predecessor-version":[{"id":113861,"href":"https:\/\/eldiariodesanpedro.com.ar\/sitio\/wp-json\/wp\/v2\/posts\/113858\/revisions\/113861"}],"wp:featuredmedia":[{"embeddable":true,"href":"https:\/\/eldiariodesanpedro.com.ar\/sitio\/wp-json\/wp\/v2\/media\/113860"}],"wp:attachment":[{"href":"https:\/\/eldiariodesanpedro.com.ar\/sitio\/wp-json\/wp\/v2\/media?parent=113858"}],"wp:term":[{"taxonomy":"category","embeddable":true,"href":"https:\/\/eldiariodesanpedro.com.ar\/sitio\/wp-json\/wp\/v2\/categories?post=113858"},{"taxonomy":"post_tag","embeddable":true,"href":"https:\/\/eldiariodesanpedro.com.ar\/sitio\/wp-json\/wp\/v2\/tags?post=113858"}],"curies":[{"name":"wp","href":"https:\/\/api.w.org\/{rel}","templated":true}]}}