{"id":113855,"date":"2023-01-07T15:23:30","date_gmt":"2023-01-07T18:23:30","guid":{"rendered":"https:\/\/eldiariodesanpedro.com.ar\/sitio\/?p=113855"},"modified":"2023-01-07T15:23:32","modified_gmt":"2023-01-07T18:23:32","slug":"prefectura-asistio-a-una-joven-que-se-arrojo-al-riacho-san-pedro","status":"publish","type":"post","link":"https:\/\/eldiariodesanpedro.com.ar\/sitio\/prefectura-asistio-a-una-joven-que-se-arrojo-al-riacho-san-pedro\/","title":{"rendered":"Prefectura asisti\u00f3 a una joven que se arroj\u00f3 al riacho San Pedro"},"content":{"rendered":"<!-- VideographyWP Plugin Message: Automatic video embedding prevented by plugin options. -->\n\n<p>El incidente se produjo en la tarde del viernes a la altura del camping Safari. La v\u00edctima de 20 a\u00f1os fue trasladada al hospital de nuestra ciudad en d\u00f3nde permanece internada.<\/p>\n\n\n\n<p>Personal de Prefectura San Pedro debi\u00f3 intervenir en un incidente que se produjo pasada las 16 horas del viernes en el riacho San Pedro a la altura del camping Safari.<\/p>\n\n\n\n<p>La fuerza local hab\u00eda recibido un alerta sobre la presencia de una mujer que presuntamente se hab\u00eda arrojado a las aguas. Al arribar al lugar se constat\u00f3 la presencia de la joven de 20 a\u00f1os que a\u00fan permanec\u00eda a pocos metros de la costa.<\/p>\n\n\n\n<p>El personal intervino de inmediato y logr\u00f3 asistir a la mujer que desde hacia unos minutos permanec\u00eda en el agua.<\/p>\n\n\n\n<p>Al realizar las primeras tareas de asistencia se pudo establecer que la joven adem\u00e1s presentaba algunos cortes en distintas partes del cuerpo producto de las lesiones que ella misma se hab\u00eda provocado.<\/p>\n\n\n\n<p>Posteriormente una unidad de servicio de emergencias Same intervino en el episodio asistiendo a la v\u00edctima qui\u00e9n se encontraba afectada por el episodio vivido. Fue trasladada a la guardia del hospital Emilio Ruffa en d\u00f3nde qued\u00f3 internada.<\/p>\n","protected":false},"excerpt":{"rendered":"<p>El incidente se produjo en la tarde del viernes a la altura del camping Safari. La v\u00edctima de 20 a\u00f1os fue trasladada al hospital de nuestra ciudad en d\u00f3nde permanece internada. Personal de Prefectura San Pedro debi\u00f3 intervenir en un incidente que se produjo pasada las 16 horas del viernes en el riacho San Pedro [&hellip;]<\/p>\n","protected":false},"author":4,"featured_media":113856,"comment_status":"closed","ping_status":"closed","sticky":false,"template":"","format":"standard","meta":{"om_disable_all_campaigns":false,"_jetpack_memberships_contains_paid_content":false,"footnotes":""},"categories":[50,101,2],"tags":[197,696,33,19],"class_list":["post-113855","post","type-post","status-publish","format-standard","has-post-thumbnail","hentry","category-destacadas","category-interes-general-locales","category-locales","tag-buenos-aires","tag-interes-general","tag-locales","tag-san-pedro"],"aioseo_notices":[],"gutentor_comment":0,"jetpack_featured_media_url":"https:\/\/eldiariodesanpedro.com.ar\/sitio\/wp-content\/uploads\/2023\/01\/0000021529-resized-1920x1080-1.png","jetpack_shortlink":"https:\/\/wp.me\/p6RhLt-tCn","jetpack_sharing_enabled":true,"_links":{"self":[{"href":"https:\/\/eldiariodesanpedro.com.ar\/sitio\/wp-json\/wp\/v2\/posts\/113855","targetHints":{"allow":["GET"]}}],"collection":[{"href":"https:\/\/eldiariodesanpedro.com.ar\/sitio\/wp-json\/wp\/v2\/posts"}],"about":[{"href":"https:\/\/eldiariodesanpedro.com.ar\/sitio\/wp-json\/wp\/v2\/types\/post"}],"author":[{"embeddable":true,"href":"https:\/\/eldiariodesanpedro.com.ar\/sitio\/wp-json\/wp\/v2\/users\/4"}],"replies":[{"embeddable":true,"href":"https:\/\/eldiariodesanpedro.com.ar\/sitio\/wp-json\/wp\/v2\/comments?post=113855"}],"version-history":[{"count":1,"href":"https:\/\/eldiariodesanpedro.com.ar\/sitio\/wp-json\/wp\/v2\/posts\/113855\/revisions"}],"predecessor-version":[{"id":113857,"href":"https:\/\/eldiariodesanpedro.com.ar\/sitio\/wp-json\/wp\/v2\/posts\/113855\/revisions\/113857"}],"wp:featuredmedia":[{"embeddable":true,"href":"https:\/\/eldiariodesanpedro.com.ar\/sitio\/wp-json\/wp\/v2\/media\/113856"}],"wp:attachment":[{"href":"https:\/\/eldiariodesanpedro.com.ar\/sitio\/wp-json\/wp\/v2\/media?parent=113855"}],"wp:term":[{"taxonomy":"category","embeddable":true,"href":"https:\/\/eldiariodesanpedro.com.ar\/sitio\/wp-json\/wp\/v2\/categories?post=113855"},{"taxonomy":"post_tag","embeddable":true,"href":"https:\/\/eldiariodesanpedro.com.ar\/sitio\/wp-json\/wp\/v2\/tags?post=113855"}],"curies":[{"name":"wp","href":"https:\/\/api.w.org\/{rel}","templated":true}]}}