{"id":113817,"date":"2023-01-06T17:15:33","date_gmt":"2023-01-06T20:15:33","guid":{"rendered":"https:\/\/eldiariodesanpedro.com.ar\/sitio\/?p=113817"},"modified":"2023-01-06T17:15:35","modified_gmt":"2023-01-06T20:15:35","slug":"san-nicolas-dos-mujeres-radicadas-en-san-nicolas-convivian-con-los-profugos-del-triple-crimen-de-ibarlucea","status":"publish","type":"post","link":"https:\/\/eldiariodesanpedro.com.ar\/sitio\/san-nicolas-dos-mujeres-radicadas-en-san-nicolas-convivian-con-los-profugos-del-triple-crimen-de-ibarlucea\/","title":{"rendered":"SAN NICOL\u00c1S | Dos mujeres radicadas en San Nicol\u00e1s conviv\u00edan con los pr\u00f3fugos del triple crimen de Ibarlucea"},"content":{"rendered":"<!-- VideographyWP Plugin Message: Automatic video embedding prevented by plugin options. -->\n\n<p>Brisa Leguizam\u00f3n y Pinky Rocha fueron detenidos ayer en Asunci\u00f3n. Al finalizar su fiesta de casamiento se produjo el crimen de Iv\u00e1n Gim\u00e9nez y su familia. Seg\u00fan se inform\u00f3, en el departamento donde estaban alojados, adem\u00e1s de Rocha y Leguizam\u00f3n hab\u00eda otros cuatro adultos, entre ellos dos mujeres domiciliadas en San Nicol\u00e1s.<br>Acodados en la mesa de un bar en el barrio Mariscal Estigarribia de Asunci\u00f3n de Paraguay fueron sorprendidos este jueves a las 6 de la ma\u00f1ana Esteban Enrique \u201cPinky\u201d Rocha y Brisa Milagros Leguizam\u00f3n Ferreyra, la pareja de pr\u00f3fugos cuya fiesta de casamiento deriv\u00f3 en el triple crimen de Ybarlucea el 29 de enero pasado.<\/p>\n\n\n\n<p>Rocha y Leguizam\u00f3n fueron sorprendidos por efectivos de Interpol y de la Polic\u00eda Nacional paraguaya a seis cuadras del \u201cMiami Towers\u201d, el lujoso edificio en el que resid\u00edan desde al menos febrero pasado.<\/p>\n\n\n\n<p>Junto a la pareja estaban un hermano de Brisa y otros tres rosarinos que hab\u00edan llegado a la capital paraguaya para que la pareja viera a sus hijos de 4 y 6 a\u00f1os.<\/p>\n\n\n\n<p>Rocha y Leguizam\u00f3n quedaron a disposici\u00f3n del Tribunal Oral Federal 1 de Rosario, quien deber\u00e1 juzgarlos como integrantes de la banda de Olga \u201cTata\u201d Medina, condenada el mes pasado a una pena unificada de 8 a\u00f1os y medio por vender estupefacientes en la zona norte.<br>Seg\u00fan se inform\u00f3, en el departamento de Miami Towers estaban alojados, adem\u00e1s de Rocha y Leguizam\u00f3n, otros cuatro adultos: dos mujeres domiciliadas en San Nicol\u00e1s, un hombre de 23 a\u00f1os y otro var\u00f3n con residencia en Merlo, provincia de Buenos Aires.<\/p>\n\n\n\n<p>Junto a ellos hab\u00eda al menos media docena de ni\u00f1os, entre ellos los dos hijos de la pareja y dos hijos de la apodada \u201cLa Diabla\u201d, una de las hermanas de Brisa tambi\u00e9n mencionada en investigaciones federales.<\/p>\n\n\n\n<p>La principal hip\u00f3tesis de la investigaci\u00f3n del triple crimen es la p\u00e9rdida de un cargamento de droga que ten\u00eda que recibir Maxi Rey Gim\u00e9nez y que perdi\u00f3 en aguas del Paran\u00e1 a la altura de Puerto San Mart\u00edn. Las v\u00edctimas fueron Iv\u00e1n Maximiliano \u201cMaxi Rey\u201d Gim\u00e9nez, de 35 a\u00f1os; su pareja Erica Romero, de 37; y su peque\u00f1a hija Elena, de un a\u00f1o.<\/p>\n\n\n\n<p>A partir del impacto p\u00fablico que motiv\u00f3 el triple crimen la Justicia federal solicit\u00f3 la detenci\u00f3n de Leguizam\u00f3n y Rocha, quien estaba excarcelado por decisi\u00f3n de la C\u00e1mara de Casaci\u00f3n Penal, fue citado a dar explicaciones, pero nunca se present\u00f3 aunque se le libr\u00f3 tambi\u00e9n para \u00e9l una orden de captura.<\/p>\n\n\n\n<p>Fuente: Diario El Norte<\/p>\n","protected":false},"excerpt":{"rendered":"<p>Brisa Leguizam\u00f3n y Pinky Rocha fueron detenidos ayer en Asunci\u00f3n. Al finalizar su fiesta de casamiento se produjo el crimen de Iv\u00e1n Gim\u00e9nez y su familia. Seg\u00fan se inform\u00f3, en el departamento donde estaban alojados, adem\u00e1s de Rocha y Leguizam\u00f3n hab\u00eda otros cuatro adultos, entre ellos dos mujeres domiciliadas en San Nicol\u00e1s.Acodados en la mesa [&hellip;]<\/p>\n","protected":false},"author":4,"featured_media":113818,"comment_status":"closed","ping_status":"closed","sticky":false,"template":"","format":"standard","meta":{"om_disable_all_campaigns":false,"_jetpack_memberships_contains_paid_content":false,"footnotes":""},"categories":[621],"tags":[197,681,3323],"class_list":["post-113817","post","type-post","status-publish","format-standard","has-post-thumbnail","hentry","category-regionales","tag-buenos-aires","tag-regionales","tag-san-nicolas-dos-mujeres-radicadas-en-san-nicolas-convivian-con-los-profugos-del-triple-crimen-de-ibarlucea"],"aioseo_notices":[],"gutentor_comment":0,"jetpack_featured_media_url":"https:\/\/eldiariodesanpedro.com.ar\/sitio\/wp-content\/uploads\/2023\/01\/WhatsApp-Image-2023-01-06-at-10.14.12.jpeg","jetpack_shortlink":"https:\/\/wp.me\/p6RhLt-tBL","jetpack_sharing_enabled":true,"_links":{"self":[{"href":"https:\/\/eldiariodesanpedro.com.ar\/sitio\/wp-json\/wp\/v2\/posts\/113817","targetHints":{"allow":["GET"]}}],"collection":[{"href":"https:\/\/eldiariodesanpedro.com.ar\/sitio\/wp-json\/wp\/v2\/posts"}],"about":[{"href":"https:\/\/eldiariodesanpedro.com.ar\/sitio\/wp-json\/wp\/v2\/types\/post"}],"author":[{"embeddable":true,"href":"https:\/\/eldiariodesanpedro.com.ar\/sitio\/wp-json\/wp\/v2\/users\/4"}],"replies":[{"embeddable":true,"href":"https:\/\/eldiariodesanpedro.com.ar\/sitio\/wp-json\/wp\/v2\/comments?post=113817"}],"version-history":[{"count":1,"href":"https:\/\/eldiariodesanpedro.com.ar\/sitio\/wp-json\/wp\/v2\/posts\/113817\/revisions"}],"predecessor-version":[{"id":113819,"href":"https:\/\/eldiariodesanpedro.com.ar\/sitio\/wp-json\/wp\/v2\/posts\/113817\/revisions\/113819"}],"wp:featuredmedia":[{"embeddable":true,"href":"https:\/\/eldiariodesanpedro.com.ar\/sitio\/wp-json\/wp\/v2\/media\/113818"}],"wp:attachment":[{"href":"https:\/\/eldiariodesanpedro.com.ar\/sitio\/wp-json\/wp\/v2\/media?parent=113817"}],"wp:term":[{"taxonomy":"category","embeddable":true,"href":"https:\/\/eldiariodesanpedro.com.ar\/sitio\/wp-json\/wp\/v2\/categories?post=113817"},{"taxonomy":"post_tag","embeddable":true,"href":"https:\/\/eldiariodesanpedro.com.ar\/sitio\/wp-json\/wp\/v2\/tags?post=113817"}],"curies":[{"name":"wp","href":"https:\/\/api.w.org\/{rel}","templated":true}]}}