{"id":113807,"date":"2023-01-06T16:57:09","date_gmt":"2023-01-06T19:57:09","guid":{"rendered":"https:\/\/eldiariodesanpedro.com.ar\/sitio\/?p=113807"},"modified":"2023-01-06T16:57:11","modified_gmt":"2023-01-06T19:57:11","slug":"san-nicolas-puente-flotante-a-partir-del-sabado-se-podra-ir-a-las-playas-en-vehiculos-particulares","status":"publish","type":"post","link":"https:\/\/eldiariodesanpedro.com.ar\/sitio\/san-nicolas-puente-flotante-a-partir-del-sabado-se-podra-ir-a-las-playas-en-vehiculos-particulares\/","title":{"rendered":"SAN NICOLAS | Puente flotante: a partir del s\u00e1bado se podr\u00e1 ir a las playas en veh\u00edculos particulares"},"content":{"rendered":"<!-- VideographyWP Plugin Message: Automatic video embedding prevented by plugin options. -->\n\n<p>El verano 2023 se vive en San Nicol\u00e1s y cada vez son m\u00e1s los nicole\u00f1os y turistas que visitan las playas de la ciudad en el entorno \u00fanico de las islas. Con el objetivo de brindar m\u00e1s opciones para llegar tanto a El Arenal y Barranquitas, la Municipalidad de San Nicol\u00e1s dejar\u00e1 habilitado este s\u00e1bado el puente flotante que permitir\u00e1 llegar hasta estos espacios en veh\u00edculos particulares.<\/p>\n\n\n\n<p>El cupo disponible ser\u00e1 de 500 veh\u00edculos por d\u00eda y deber\u00e1n respetar ciertas normas para poder circular. En el caso de los autos, el m\u00e1ximo de ocupantes ser\u00e1 de 5 personas y deber\u00e1n tener colocado el cintur\u00f3n de seguridad. En tanto que en las motos podr\u00e1n ir hasta 2 personas con casco y deber\u00e1 tener el escape reglamentario. En ambas playas hay sectores de estacionamiento gratuito.<\/p>\n\n\n\n<p>Adem\u00e1s, continuar\u00e1n los traslados en colectivos hasta ambos espacios. El pasaje puede abonarse en efectivo, con un costo de $200 por tramo; o utilizando la tarjeta SUBE, manteniendo el valor del pasaje urbano que es de $100 por tramo aplic\u00e1ndose los atributos vigentes. Por ejemplo, los jubilados pueden viajar gratis los fines de semana.<\/p>\n\n\n\n<p>El Arenal y Barranquitas son dos espacios que cuentan con todos los servicios y las comodidades necesarias para disfrutar en familia y con amigos.<\/p>\n\n\n\n<p>El horario de playa es de 10:00 a 20:00 con la presencia de guardavidas y la posibilidad de alquilar sombrillas, reposeras y camastros. El lugar cuenta con ba\u00f1os, paradores que venden bebidas y alimentos y actividades acu\u00e1ticas y deportivas.<\/p>\n\n\n\n<p>M\u00e1s informaci\u00f3n ingresando a <a href=\"https:\/\/sannicolasciudad.gob.ar\/sndecaraalrio\/playas\">https:\/\/sannicolasciudad.gob.ar\/sndecaraalrio\/playas<\/a><\/p>\n\n\n\n<p>Fuente: <a href=\"http:\/\/www.diarioelinformante.com.ar\/nota-67992_puente-flotante-a-partir-del-sbado-se-podr-ir-a-las-playas-en-vehculos-particulares\">Diario El Informante<\/a><\/p>\n","protected":false},"excerpt":{"rendered":"<p>El verano 2023 se vive en San Nicol\u00e1s y cada vez son m\u00e1s los nicole\u00f1os y turistas que visitan las playas de la ciudad en el entorno \u00fanico de las islas. Con el objetivo de brindar m\u00e1s opciones para llegar tanto a El Arenal y Barranquitas, la Municipalidad de San Nicol\u00e1s dejar\u00e1 habilitado este s\u00e1bado [&hellip;]<\/p>\n","protected":false},"author":4,"featured_media":113808,"comment_status":"closed","ping_status":"closed","sticky":false,"template":"","format":"standard","meta":{"om_disable_all_campaigns":false,"_jetpack_memberships_contains_paid_content":false,"footnotes":""},"categories":[621],"tags":[197,681,3320],"class_list":["post-113807","post","type-post","status-publish","format-standard","has-post-thumbnail","hentry","category-regionales","tag-buenos-aires","tag-regionales","tag-san-nicolas-puente-flotante-a-partir-del-sabado-se-podra-ir-a-las-playas-en-vehiculos-particulares"],"aioseo_notices":[],"gutentor_comment":0,"jetpack_featured_media_url":"https:\/\/eldiariodesanpedro.com.ar\/sitio\/wp-content\/uploads\/2023\/01\/Puente-Flotante.jpeg","jetpack_shortlink":"https:\/\/wp.me\/p6RhLt-tBB","jetpack_sharing_enabled":true,"_links":{"self":[{"href":"https:\/\/eldiariodesanpedro.com.ar\/sitio\/wp-json\/wp\/v2\/posts\/113807","targetHints":{"allow":["GET"]}}],"collection":[{"href":"https:\/\/eldiariodesanpedro.com.ar\/sitio\/wp-json\/wp\/v2\/posts"}],"about":[{"href":"https:\/\/eldiariodesanpedro.com.ar\/sitio\/wp-json\/wp\/v2\/types\/post"}],"author":[{"embeddable":true,"href":"https:\/\/eldiariodesanpedro.com.ar\/sitio\/wp-json\/wp\/v2\/users\/4"}],"replies":[{"embeddable":true,"href":"https:\/\/eldiariodesanpedro.com.ar\/sitio\/wp-json\/wp\/v2\/comments?post=113807"}],"version-history":[{"count":1,"href":"https:\/\/eldiariodesanpedro.com.ar\/sitio\/wp-json\/wp\/v2\/posts\/113807\/revisions"}],"predecessor-version":[{"id":113809,"href":"https:\/\/eldiariodesanpedro.com.ar\/sitio\/wp-json\/wp\/v2\/posts\/113807\/revisions\/113809"}],"wp:featuredmedia":[{"embeddable":true,"href":"https:\/\/eldiariodesanpedro.com.ar\/sitio\/wp-json\/wp\/v2\/media\/113808"}],"wp:attachment":[{"href":"https:\/\/eldiariodesanpedro.com.ar\/sitio\/wp-json\/wp\/v2\/media?parent=113807"}],"wp:term":[{"taxonomy":"category","embeddable":true,"href":"https:\/\/eldiariodesanpedro.com.ar\/sitio\/wp-json\/wp\/v2\/categories?post=113807"},{"taxonomy":"post_tag","embeddable":true,"href":"https:\/\/eldiariodesanpedro.com.ar\/sitio\/wp-json\/wp\/v2\/tags?post=113807"}],"curies":[{"name":"wp","href":"https:\/\/api.w.org\/{rel}","templated":true}]}}