{"id":113804,"date":"2023-01-06T16:41:23","date_gmt":"2023-01-06T19:41:23","guid":{"rendered":"https:\/\/eldiariodesanpedro.com.ar\/sitio\/?p=113804"},"modified":"2023-01-06T16:41:25","modified_gmt":"2023-01-06T19:41:25","slug":"baradero-cuando-y-donde-se-organiza-la-fiesta-del-mondongo-y-la-torta-frita","status":"publish","type":"post","link":"https:\/\/eldiariodesanpedro.com.ar\/sitio\/baradero-cuando-y-donde-se-organiza-la-fiesta-del-mondongo-y-la-torta-frita\/","title":{"rendered":"BARADERO | \u00bfCu\u00e1ndo y d\u00f3nde se organiza la Fiesta del Mondongo y la Torta Frita?"},"content":{"rendered":"<!-- VideographyWP Plugin Message: Automatic video embedding prevented by plugin options. -->\n\n<p>El evento, que se realiz\u00f3 por primera vez en 2005 para dar a conocer el pueblo de Santa Coloma, convoca a m\u00e1s de 10 mil personas.<\/p>\n\n\n\n<p>De todas las celebraciones gastron\u00f3micas que se realizan en&nbsp;<strong>Argentina<\/strong>, una de las m\u00e1s interesantes es la&nbsp;<strong>Fiesta del Mondongo y la Torta Frita.<\/strong>&nbsp;Se organiz\u00f3 por primera vez en&nbsp;<strong>2005<\/strong>&nbsp;y, desde entonces, se ha convertido en un cl\u00e1sico del partido de&nbsp;<strong>Baradero, Buenos Aires.&nbsp;<\/strong><\/p>\n\n\n\n<p>El evento fue creado por los vecinos del pueblo de&nbsp;<strong>Santa Coloma<\/strong>, con el objetivo de potenciar el turismo local y tambi\u00e9n dar a conocer el talento de sus chefs, que a\u00f1o tras a\u00f1o deleitan con sus platos.<\/p>\n\n\n\n<p>Y, a pesar de que la Fiesta del Mondongo y la Torta Frita ha sido interrumpida por la pandemia en a\u00f1os anteriores, desde la organizaci\u00f3n ya comunicaron una<strong>&nbsp;nueva fecha para la edici\u00f3n 2023.&nbsp;<\/strong><\/p>\n\n\n\n<h2 class=\"wp-block-heading\">\u00bfCu\u00e1ndo se celebra la Fiesta del Mondongo y la Torta Frita?<\/h2>\n\n\n\n<p>A pesar de que la fecha puede modificarse por alguna situaci\u00f3n especial, desde la organizaci\u00f3n intentan realizar la&nbsp;<strong>Fiesta del Mondongo y la Torta Frita cada primero de mayo<\/strong>, a la par de los festejos por el&nbsp;<strong>D\u00eda Internacional de los Trabajadores.&nbsp;<\/strong><\/p>\n\n\n\n<p>Por lo tanto, aunque reci\u00e9n ha comenzado el&nbsp;<strong>2023<\/strong>, ya se confirm\u00f3 que&nbsp;<strong>la edici\u00f3n n\u00famero 16&nbsp;<\/strong>de esta fiesta interesante tendr\u00e1 lugar el primer d\u00eda de mayo y las actividades comenzar\u00e1n a partir de las 9 de la ma\u00f1ana, en el predio ubicado frente a la&nbsp;<strong>Estaci\u00f3n Santa Coloma.&nbsp;<\/strong><\/p>\n\n\n\n<p>Adem\u00e1s, otro punto importante es que&nbsp;<strong>las entradas del evento son gratuitas&nbsp;<\/strong>y que todos los espectadores podr\u00e1n obtener una porci\u00f3n de mondongo y torta frita durante el festejo.<\/p>\n\n\n\n<h2 class=\"wp-block-heading\">\u00bfEn d\u00f3nde se festeja la Fiesta del Mondongo y la Torta Frita?<\/h2>\n\n\n\n<p>Como ya mencionamos, la Fiesta del Mondongo y la Torta Frita se organiza todos los a\u00f1os en Santa Coloma, Baradero, Buenos Aires. Pero,&nbsp;<strong>\u00bfc\u00f3mo se puede visitar este pueblo?&nbsp;<\/strong>\u00a1Te explicamos!<\/p>\n\n\n\n<p>Esta localidad se encuentra muy cerca de la&nbsp;<strong>Ruta Provincial 41<\/strong>, a mitad de camino entre la ciudad de Baradero y&nbsp;<strong>San Antonio de Areco<\/strong>, a 140 kil\u00f3metros de la&nbsp;<strong>Ciudad Aut\u00f3noma de Buenos Aires.&nbsp;<\/strong><\/p>\n\n\n\n<p>Por lo tanto, quienes deseen visitarla deber\u00e1n viajar, por su cuenta o a trav\u00e9s de un medio de transporte, sobre la ruta mencionada y luego tomar el desv\u00edo que se anuncia como\u00a0<strong>\u201cAcceso a Santa Coloma\u201d.\u00a0<\/strong><\/p>\n\n\n\n<p>Finalmente, tras el ingreso al pueblo la mejor idea es buscar un sitio en donde estacionar y\u00a0<strong>disfrutar el paisaje a pie.\u00a0<\/strong>Las distancias son cortas y recorrerlo en su totalidad es una actividad que lleva menos de una hora.<\/p>\n\n\n\n<p>Fuente: <a href=\"https:\/\/baraderoteinforma.com.ar\/cuando-y-donde-se-organiza-la-fiesta-del-mondongo-y-la-torta-frita\/\">Baradero Te Informa<\/a><\/p>\n","protected":false},"excerpt":{"rendered":"<p>El evento, que se realiz\u00f3 por primera vez en 2005 para dar a conocer el pueblo de Santa Coloma, convoca a m\u00e1s de 10 mil personas. De todas las celebraciones gastron\u00f3micas que se realizan en&nbsp;Argentina, una de las m\u00e1s interesantes es la&nbsp;Fiesta del Mondongo y la Torta Frita.&nbsp;Se organiz\u00f3 por primera vez en&nbsp;2005&nbsp;y, desde entonces, [&hellip;]<\/p>\n","protected":false},"author":4,"featured_media":113805,"comment_status":"closed","ping_status":"closed","sticky":false,"template":"","format":"standard","meta":{"om_disable_all_campaigns":false,"_jetpack_memberships_contains_paid_content":false,"footnotes":""},"categories":[621],"tags":[197,681,3319],"class_list":["post-113804","post","type-post","status-publish","format-standard","has-post-thumbnail","hentry","category-regionales","tag-buenos-aires","tag-regionales","tag-cuando-y-donde-se-organiza-la-fiesta-del-mondongo-y-la-torta-frita"],"aioseo_notices":[],"gutentor_comment":0,"jetpack_featured_media_url":"https:\/\/eldiariodesanpedro.com.ar\/sitio\/wp-content\/uploads\/2023\/01\/fiesta-del-mondongo.jpg","jetpack_shortlink":"https:\/\/wp.me\/p6RhLt-tBy","jetpack_sharing_enabled":true,"_links":{"self":[{"href":"https:\/\/eldiariodesanpedro.com.ar\/sitio\/wp-json\/wp\/v2\/posts\/113804","targetHints":{"allow":["GET"]}}],"collection":[{"href":"https:\/\/eldiariodesanpedro.com.ar\/sitio\/wp-json\/wp\/v2\/posts"}],"about":[{"href":"https:\/\/eldiariodesanpedro.com.ar\/sitio\/wp-json\/wp\/v2\/types\/post"}],"author":[{"embeddable":true,"href":"https:\/\/eldiariodesanpedro.com.ar\/sitio\/wp-json\/wp\/v2\/users\/4"}],"replies":[{"embeddable":true,"href":"https:\/\/eldiariodesanpedro.com.ar\/sitio\/wp-json\/wp\/v2\/comments?post=113804"}],"version-history":[{"count":1,"href":"https:\/\/eldiariodesanpedro.com.ar\/sitio\/wp-json\/wp\/v2\/posts\/113804\/revisions"}],"predecessor-version":[{"id":113806,"href":"https:\/\/eldiariodesanpedro.com.ar\/sitio\/wp-json\/wp\/v2\/posts\/113804\/revisions\/113806"}],"wp:featuredmedia":[{"embeddable":true,"href":"https:\/\/eldiariodesanpedro.com.ar\/sitio\/wp-json\/wp\/v2\/media\/113805"}],"wp:attachment":[{"href":"https:\/\/eldiariodesanpedro.com.ar\/sitio\/wp-json\/wp\/v2\/media?parent=113804"}],"wp:term":[{"taxonomy":"category","embeddable":true,"href":"https:\/\/eldiariodesanpedro.com.ar\/sitio\/wp-json\/wp\/v2\/categories?post=113804"},{"taxonomy":"post_tag","embeddable":true,"href":"https:\/\/eldiariodesanpedro.com.ar\/sitio\/wp-json\/wp\/v2\/tags?post=113804"}],"curies":[{"name":"wp","href":"https:\/\/api.w.org\/{rel}","templated":true}]}}