{"id":113797,"date":"2023-01-06T15:51:41","date_gmt":"2023-01-06T18:51:41","guid":{"rendered":"https:\/\/eldiariodesanpedro.com.ar\/sitio\/?p=113797"},"modified":"2023-01-06T15:54:48","modified_gmt":"2023-01-06T18:54:48","slug":"notificacion-fin-de-temporada-de-fruta-de-carozo-argentinian-fresh-fruits-goods-s-r-l","status":"publish","type":"post","link":"https:\/\/eldiariodesanpedro.com.ar\/sitio\/notificacion-fin-de-temporada-de-fruta-de-carozo-argentinian-fresh-fruits-goods-s-r-l\/","title":{"rendered":"Notificaci\u00f3n fin de temporada de fruta de carozo  Argentinian Fresh Fruits &#038; Goods S.R.L"},"content":{"rendered":"<!-- VideographyWP Plugin Message: Automatic video embedding prevented by plugin options. -->\n\n<p>La empresa notifica por este medio a todo el personal que a partir del d\u00eda 10\/01\/2023 finaliza la temporada de fruta de carozo del per\u00edodo 2022 &#8211; 2023, produciendo la extinci\u00f3n de los contratos correspondientes.<\/p>\n\n\n\n<p>Se notifica la finalizaci\u00f3n de la misma dando cumplimiento con lo determinado en la ley 20.744.<\/p>\n\n\n\n<p>(Publicaci\u00f3n V\u00e1lida por los d\u00edas 06, 07, 08 y 09 de enero de 2023)<\/p>\n","protected":false},"excerpt":{"rendered":"<p>La empresa notifica por este medio a todo el personal que a partir del d\u00eda 10\/01\/2023 finaliza la temporada de fruta de carozo del per\u00edodo 2022 &#8211; 2023, produciendo la extinci\u00f3n de los contratos correspondientes. Se notifica la finalizaci\u00f3n de la misma dando cumplimiento con lo determinado en la ley 20.744. (Publicaci\u00f3n V\u00e1lida por los [&hellip;]<\/p>\n","protected":false},"author":4,"featured_media":113798,"comment_status":"closed","ping_status":"closed","sticky":false,"template":"","format":"standard","meta":{"om_disable_all_campaigns":false,"_jetpack_memberships_contains_paid_content":false,"footnotes":""},"categories":[678,676],"tags":[197,696,33,19],"class_list":["post-113797","post","type-post","status-publish","format-standard","has-post-thumbnail","hentry","category-convocatorias","category-edictos","tag-buenos-aires","tag-interes-general","tag-locales","tag-san-pedro"],"aioseo_notices":[],"gutentor_comment":0,"jetpack_featured_media_url":"https:\/\/eldiariodesanpedro.com.ar\/sitio\/wp-content\/uploads\/2023\/01\/Magnifresh-febrero-2023.jpg","jetpack_shortlink":"https:\/\/wp.me\/p6RhLt-tBr","jetpack_sharing_enabled":true,"_links":{"self":[{"href":"https:\/\/eldiariodesanpedro.com.ar\/sitio\/wp-json\/wp\/v2\/posts\/113797","targetHints":{"allow":["GET"]}}],"collection":[{"href":"https:\/\/eldiariodesanpedro.com.ar\/sitio\/wp-json\/wp\/v2\/posts"}],"about":[{"href":"https:\/\/eldiariodesanpedro.com.ar\/sitio\/wp-json\/wp\/v2\/types\/post"}],"author":[{"embeddable":true,"href":"https:\/\/eldiariodesanpedro.com.ar\/sitio\/wp-json\/wp\/v2\/users\/4"}],"replies":[{"embeddable":true,"href":"https:\/\/eldiariodesanpedro.com.ar\/sitio\/wp-json\/wp\/v2\/comments?post=113797"}],"version-history":[{"count":2,"href":"https:\/\/eldiariodesanpedro.com.ar\/sitio\/wp-json\/wp\/v2\/posts\/113797\/revisions"}],"predecessor-version":[{"id":113801,"href":"https:\/\/eldiariodesanpedro.com.ar\/sitio\/wp-json\/wp\/v2\/posts\/113797\/revisions\/113801"}],"wp:featuredmedia":[{"embeddable":true,"href":"https:\/\/eldiariodesanpedro.com.ar\/sitio\/wp-json\/wp\/v2\/media\/113798"}],"wp:attachment":[{"href":"https:\/\/eldiariodesanpedro.com.ar\/sitio\/wp-json\/wp\/v2\/media?parent=113797"}],"wp:term":[{"taxonomy":"category","embeddable":true,"href":"https:\/\/eldiariodesanpedro.com.ar\/sitio\/wp-json\/wp\/v2\/categories?post=113797"},{"taxonomy":"post_tag","embeddable":true,"href":"https:\/\/eldiariodesanpedro.com.ar\/sitio\/wp-json\/wp\/v2\/tags?post=113797"}],"curies":[{"name":"wp","href":"https:\/\/api.w.org\/{rel}","templated":true}]}}