{"id":113784,"date":"2023-01-06T13:48:12","date_gmt":"2023-01-06T16:48:12","guid":{"rendered":"https:\/\/eldiariodesanpedro.com.ar\/sitio\/?p=113784"},"modified":"2023-01-06T13:48:14","modified_gmt":"2023-01-06T16:48:14","slug":"ascendieron-al-comisario-german-pahuasi","status":"publish","type":"post","link":"https:\/\/eldiariodesanpedro.com.ar\/sitio\/ascendieron-al-comisario-german-pahuasi\/","title":{"rendered":"Ascendieron al Comisario Germ\u00e1n Pahuasi"},"content":{"rendered":"<!-- VideographyWP Plugin Message: Automatic video embedding prevented by plugin options. -->\n\n<p>El titular de la polic\u00eda de la ciudad figura en la n\u00f3mina ministerial y pas\u00f3 al rango de Comisario Inspector.<\/p>\n\n\n\n<p>En el marco de los ascensos dispuestos por el ministerio de seguridad bonaerense varios funcionarios que prestan servicio en San Pedro alcanzaron importante logro.<\/p>\n\n\n\n<p>Entre los destacados aparece el nombre del actual titular de la Estaci\u00f3n Comunal San Pedro, Germ\u00e1n Pahuasi, qui\u00e9n formalmente fue ascendido al rango de Comisario Inspector.<\/p>\n\n\n\n<p>El funcionario, qui\u00e9n est\u00e1 pronto a cumplir 30 a\u00f1os en la fuerza, asumi\u00f3 en el cargo hace poco m\u00e1s de un a\u00f1o y r\u00e1pidamente se adapt\u00f3 a la problem\u00e1tica que tiene la comunidad.<\/p>\n\n\n\n<p>Es de destacar que m\u00e1s all\u00e1 del ascenso por el momento no se perciben cambios en la dependencia sampedrina adem\u00e1s de apreciarse un conformismo en cuanto al desempe\u00f1o de Pahuasi en la jefatura.<\/p>\n\n\n\n<p>Fuente: San Pedro Informa<\/p>\n","protected":false},"excerpt":{"rendered":"<p>El titular de la polic\u00eda de la ciudad figura en la n\u00f3mina ministerial y pas\u00f3 al rango de Comisario Inspector. En el marco de los ascensos dispuestos por el ministerio de seguridad bonaerense varios funcionarios que prestan servicio en San Pedro alcanzaron importante logro. Entre los destacados aparece el nombre del actual titular de la [&hellip;]<\/p>\n","protected":false},"author":4,"featured_media":113785,"comment_status":"closed","ping_status":"closed","sticky":false,"template":"","format":"standard","meta":{"om_disable_all_campaigns":false,"_jetpack_memberships_contains_paid_content":false,"footnotes":""},"categories":[50,101,2],"tags":[197,696,33,19],"class_list":["post-113784","post","type-post","status-publish","format-standard","has-post-thumbnail","hentry","category-destacadas","category-interes-general-locales","category-locales","tag-buenos-aires","tag-interes-general","tag-locales","tag-san-pedro"],"aioseo_notices":[],"gutentor_comment":0,"jetpack_featured_media_url":"https:\/\/eldiariodesanpedro.com.ar\/sitio\/wp-content\/uploads\/2023\/01\/German-Pahuasi.jpg","jetpack_shortlink":"https:\/\/wp.me\/p6RhLt-tBe","jetpack_sharing_enabled":true,"_links":{"self":[{"href":"https:\/\/eldiariodesanpedro.com.ar\/sitio\/wp-json\/wp\/v2\/posts\/113784","targetHints":{"allow":["GET"]}}],"collection":[{"href":"https:\/\/eldiariodesanpedro.com.ar\/sitio\/wp-json\/wp\/v2\/posts"}],"about":[{"href":"https:\/\/eldiariodesanpedro.com.ar\/sitio\/wp-json\/wp\/v2\/types\/post"}],"author":[{"embeddable":true,"href":"https:\/\/eldiariodesanpedro.com.ar\/sitio\/wp-json\/wp\/v2\/users\/4"}],"replies":[{"embeddable":true,"href":"https:\/\/eldiariodesanpedro.com.ar\/sitio\/wp-json\/wp\/v2\/comments?post=113784"}],"version-history":[{"count":2,"href":"https:\/\/eldiariodesanpedro.com.ar\/sitio\/wp-json\/wp\/v2\/posts\/113784\/revisions"}],"predecessor-version":[{"id":113787,"href":"https:\/\/eldiariodesanpedro.com.ar\/sitio\/wp-json\/wp\/v2\/posts\/113784\/revisions\/113787"}],"wp:featuredmedia":[{"embeddable":true,"href":"https:\/\/eldiariodesanpedro.com.ar\/sitio\/wp-json\/wp\/v2\/media\/113785"}],"wp:attachment":[{"href":"https:\/\/eldiariodesanpedro.com.ar\/sitio\/wp-json\/wp\/v2\/media?parent=113784"}],"wp:term":[{"taxonomy":"category","embeddable":true,"href":"https:\/\/eldiariodesanpedro.com.ar\/sitio\/wp-json\/wp\/v2\/categories?post=113784"},{"taxonomy":"post_tag","embeddable":true,"href":"https:\/\/eldiariodesanpedro.com.ar\/sitio\/wp-json\/wp\/v2\/tags?post=113784"}],"curies":[{"name":"wp","href":"https:\/\/api.w.org\/{rel}","templated":true}]}}