{"id":113764,"date":"2023-01-06T11:06:37","date_gmt":"2023-01-06T14:06:37","guid":{"rendered":"https:\/\/eldiariodesanpedro.com.ar\/sitio\/?p=113764"},"modified":"2023-01-06T11:06:40","modified_gmt":"2023-01-06T14:06:40","slug":"confuso-episodio-donde-en-primer-lugar-pensaron-que-una-joven-fue-secuestrada","status":"publish","type":"post","link":"https:\/\/eldiariodesanpedro.com.ar\/sitio\/confuso-episodio-donde-en-primer-lugar-pensaron-que-una-joven-fue-secuestrada\/","title":{"rendered":"Confuso episodio donde en primer lugar pensaron que una joven fue secuestrada"},"content":{"rendered":"<!-- VideographyWP Plugin Message: Automatic video embedding prevented by plugin options. -->\n\n<p>En la jornada de ayer ocurri\u00f3 un confuso episodio donde en primer lugar se crey\u00f3 que una joven hab\u00eda sido secuestrada en la v\u00eda p\u00fablica pero termino siendo un problema de dos personas.<\/p>\n\n\n\n<p>En el d\u00eda de ayer promediando las 18 horas a ra\u00edz llamado al servicio de 911 emergencias, el personal policial toma conocimiento sobre una joven de 17 a\u00f1os de edad que hab\u00eda sido ingresada contra su voluntad en un autom\u00f3vil de color blanco, tipo Toyota Corolla en calle 11 de septiembre al 2000 aproximadamente, donde tras r\u00e1pido acciona del personal de policial y del GTO iniciando operativo cerrojo, en calle Mateo Sbert al 500 aproximadamente, se logra dar con la femenina en perfecto estado de salud, trasladando a un ciudadano de 38 a\u00f1os, puesto a disposici\u00f3n de la justicia.<\/p>\n\n\n\n<p>Una vez ayudada a la joven fue trasladada a la Comisaria de la Mujer y la Familia donde fue asistida pero declaro que hab\u00eda sido un problema personal con esta persona y que normalmente este sujeto reaccionaria de esta manera violentamente hacia ella, de cualquier manera la mujer no realizo la denuncia por lo que el aprehendido fue liberado inmediatamente.<\/p>\n","protected":false},"excerpt":{"rendered":"<p>En la jornada de ayer ocurri\u00f3 un confuso episodio donde en primer lugar se crey\u00f3 que una joven hab\u00eda sido secuestrada en la v\u00eda p\u00fablica pero termino siendo un problema de dos personas. En el d\u00eda de ayer promediando las 18 horas a ra\u00edz llamado al servicio de 911 emergencias, el personal policial toma conocimiento [&hellip;]<\/p>\n","protected":false},"author":4,"featured_media":113765,"comment_status":"closed","ping_status":"closed","sticky":false,"template":"","format":"standard","meta":{"om_disable_all_campaigns":false,"_jetpack_memberships_contains_paid_content":false,"footnotes":""},"categories":[50,2,103],"tags":[197,3317,33,95,19],"class_list":["post-113764","post","type-post","status-publish","format-standard","has-post-thumbnail","hentry","category-destacadas","category-locales","category-policiales-locales","tag-buenos-aires","tag-confuso-episodio-donde-en-primer-lugar-pensaron-que-una-joven-fue-secuestrada","tag-locales","tag-policiales","tag-san-pedro"],"aioseo_notices":[],"gutentor_comment":0,"jetpack_featured_media_url":"https:\/\/eldiariodesanpedro.com.ar\/sitio\/wp-content\/uploads\/2023\/01\/medida-2-2.jpg","jetpack_shortlink":"https:\/\/wp.me\/p6RhLt-tAU","jetpack_sharing_enabled":true,"_links":{"self":[{"href":"https:\/\/eldiariodesanpedro.com.ar\/sitio\/wp-json\/wp\/v2\/posts\/113764","targetHints":{"allow":["GET"]}}],"collection":[{"href":"https:\/\/eldiariodesanpedro.com.ar\/sitio\/wp-json\/wp\/v2\/posts"}],"about":[{"href":"https:\/\/eldiariodesanpedro.com.ar\/sitio\/wp-json\/wp\/v2\/types\/post"}],"author":[{"embeddable":true,"href":"https:\/\/eldiariodesanpedro.com.ar\/sitio\/wp-json\/wp\/v2\/users\/4"}],"replies":[{"embeddable":true,"href":"https:\/\/eldiariodesanpedro.com.ar\/sitio\/wp-json\/wp\/v2\/comments?post=113764"}],"version-history":[{"count":1,"href":"https:\/\/eldiariodesanpedro.com.ar\/sitio\/wp-json\/wp\/v2\/posts\/113764\/revisions"}],"predecessor-version":[{"id":113766,"href":"https:\/\/eldiariodesanpedro.com.ar\/sitio\/wp-json\/wp\/v2\/posts\/113764\/revisions\/113766"}],"wp:featuredmedia":[{"embeddable":true,"href":"https:\/\/eldiariodesanpedro.com.ar\/sitio\/wp-json\/wp\/v2\/media\/113765"}],"wp:attachment":[{"href":"https:\/\/eldiariodesanpedro.com.ar\/sitio\/wp-json\/wp\/v2\/media?parent=113764"}],"wp:term":[{"taxonomy":"category","embeddable":true,"href":"https:\/\/eldiariodesanpedro.com.ar\/sitio\/wp-json\/wp\/v2\/categories?post=113764"},{"taxonomy":"post_tag","embeddable":true,"href":"https:\/\/eldiariodesanpedro.com.ar\/sitio\/wp-json\/wp\/v2\/tags?post=113764"}],"curies":[{"name":"wp","href":"https:\/\/api.w.org\/{rel}","templated":true}]}}