{"id":113759,"date":"2023-01-06T10:33:15","date_gmt":"2023-01-06T13:33:15","guid":{"rendered":"https:\/\/eldiariodesanpedro.com.ar\/sitio\/?p=113759"},"modified":"2023-01-06T10:33:17","modified_gmt":"2023-01-06T13:33:17","slug":"volvieron-los-brigadistas-y-el-helicoptero-del-plan-del-manejo-del-fuego-para-combatir-los-incendio-en-islas","status":"publish","type":"post","link":"https:\/\/eldiariodesanpedro.com.ar\/sitio\/volvieron-los-brigadistas-y-el-helicoptero-del-plan-del-manejo-del-fuego-para-combatir-los-incendio-en-islas\/","title":{"rendered":"Volvieron los brigadistas y el helic\u00f3ptero del Plan del manejo del fuego para combatir los incendio en islas"},"content":{"rendered":"<!-- VideographyWP Plugin Message: Automatic video embedding prevented by plugin options. -->\n\n<p>La Municipalidad de San Pedro informa que, tras la existencia de nuevos focos \u00edgneos en el sector de islas pertenecientes a la jurisdicci\u00f3n de la provincia de Entre R\u00edos, se ha dispuesto la puesta en marcha de un nuevo operativo con base en nuestra ciudad.<\/p>\n\n\n\n<p>Las tareas ser\u00e1n coordinadas por la Secretar\u00eda de Ambiente de Entre R\u00edos, conjuntamente con la Direcci\u00f3n de Defensa Civil de Entre R\u00edos, bomberos de la polic\u00eda de Entre R\u00edos y Fuerza A\u00e9rea, a partir del viernes 6 de enero cuando arriben 20 efectivos para comenzar los trabajos para controlar los incendios.<\/p>\n\n\n\n<p>Desde la Municipalidad de San Pedro se brindar\u00e1 apoyo log\u00edstico, poniendo a disposici\u00f3n los recursos necesarios para acompa\u00f1ar las tareas a trav\u00e9s de la Direcci\u00f3n de Defensa Civil.<\/p>\n","protected":false},"excerpt":{"rendered":"<p>La Municipalidad de San Pedro informa que, tras la existencia de nuevos focos \u00edgneos en el sector de islas pertenecientes a la jurisdicci\u00f3n de la provincia de Entre R\u00edos, se ha dispuesto la puesta en marcha de un nuevo operativo con base en nuestra ciudad. Las tareas ser\u00e1n coordinadas por la Secretar\u00eda de Ambiente de [&hellip;]<\/p>\n","protected":false},"author":4,"featured_media":113760,"comment_status":"closed","ping_status":"closed","sticky":false,"template":"","format":"standard","meta":{"om_disable_all_campaigns":false,"_jetpack_memberships_contains_paid_content":false,"footnotes":""},"categories":[50,101,2],"tags":[197,696,33,19],"class_list":["post-113759","post","type-post","status-publish","format-standard","has-post-thumbnail","hentry","category-destacadas","category-interes-general-locales","category-locales","tag-buenos-aires","tag-interes-general","tag-locales","tag-san-pedro"],"aioseo_notices":[],"gutentor_comment":0,"jetpack_featured_media_url":"https:\/\/eldiariodesanpedro.com.ar\/sitio\/wp-content\/uploads\/2023\/01\/medida-2-1.jpg","jetpack_shortlink":"https:\/\/wp.me\/p6RhLt-tAP","jetpack_sharing_enabled":true,"_links":{"self":[{"href":"https:\/\/eldiariodesanpedro.com.ar\/sitio\/wp-json\/wp\/v2\/posts\/113759","targetHints":{"allow":["GET"]}}],"collection":[{"href":"https:\/\/eldiariodesanpedro.com.ar\/sitio\/wp-json\/wp\/v2\/posts"}],"about":[{"href":"https:\/\/eldiariodesanpedro.com.ar\/sitio\/wp-json\/wp\/v2\/types\/post"}],"author":[{"embeddable":true,"href":"https:\/\/eldiariodesanpedro.com.ar\/sitio\/wp-json\/wp\/v2\/users\/4"}],"replies":[{"embeddable":true,"href":"https:\/\/eldiariodesanpedro.com.ar\/sitio\/wp-json\/wp\/v2\/comments?post=113759"}],"version-history":[{"count":1,"href":"https:\/\/eldiariodesanpedro.com.ar\/sitio\/wp-json\/wp\/v2\/posts\/113759\/revisions"}],"predecessor-version":[{"id":113761,"href":"https:\/\/eldiariodesanpedro.com.ar\/sitio\/wp-json\/wp\/v2\/posts\/113759\/revisions\/113761"}],"wp:featuredmedia":[{"embeddable":true,"href":"https:\/\/eldiariodesanpedro.com.ar\/sitio\/wp-json\/wp\/v2\/media\/113760"}],"wp:attachment":[{"href":"https:\/\/eldiariodesanpedro.com.ar\/sitio\/wp-json\/wp\/v2\/media?parent=113759"}],"wp:term":[{"taxonomy":"category","embeddable":true,"href":"https:\/\/eldiariodesanpedro.com.ar\/sitio\/wp-json\/wp\/v2\/categories?post=113759"},{"taxonomy":"post_tag","embeddable":true,"href":"https:\/\/eldiariodesanpedro.com.ar\/sitio\/wp-json\/wp\/v2\/tags?post=113759"}],"curies":[{"name":"wp","href":"https:\/\/api.w.org\/{rel}","templated":true}]}}