{"id":113751,"date":"2023-01-05T18:48:50","date_gmt":"2023-01-05T21:48:50","guid":{"rendered":"https:\/\/eldiariodesanpedro.com.ar\/sitio\/?p=113751"},"modified":"2023-01-05T18:50:06","modified_gmt":"2023-01-05T21:50:06","slug":"la-comisaria-de-la-mujer-y-la-familia-recibio-mas-de-2000-denuncias-en-2022","status":"publish","type":"post","link":"https:\/\/eldiariodesanpedro.com.ar\/sitio\/la-comisaria-de-la-mujer-y-la-familia-recibio-mas-de-2000-denuncias-en-2022\/","title":{"rendered":"La Comisar\u00eda de la Mujer y la Familia recibi\u00f3 m\u00e1s de 2000 denuncias en 2022"},"content":{"rendered":"<!-- VideographyWP Plugin Message: Automatic video embedding prevented by plugin options. -->\n\n<p>Desde la dependencia informaron que, de enero a diciembre del 2022, intervinieron en m\u00e1s de 2 mil denuncias por delitos penales e infracciones a la Ley de Violencia Familiar, Violencia de G\u00e9nero y Protecci\u00f3n de los Derechos de las ni\u00f1eces, en estos casos articulando con los equipos de profesionales de la Secretar\u00eda de Pol\u00edticas de G\u00e9nero, Mujeres y Diversidad, en el caso de adultas\/os, y la Secretar\u00eda de Desarrollo Humano, en el caso de menores de edad.\u00a0<\/p>\n\n\n\n<p>La dependencia que conduce la Oficial Principal Mariana Aguila dio a conocer las estad\u00edsticas y cifras de este 2022. Entrre enero y diciembre, la Comisar\u00eda de la Mujer y la Familia intervino en m\u00e1s de 2 mil denuncias por delitos penales e infracciones a la Ley 12.569 de violencia Familiar, Ley 26.485 de Violencia de Genero y Ley 13.298 de Protecci\u00f3n y Promoci\u00f3n integral &nbsp;de los Derechos de Ni\u00f1os\/as.<\/p>\n\n\n\n<p>Adem\u00e1s est\u00e1 a cargo de la dependencia la notificaci\u00f3n de las medidas cautelares dispuestas por el Juzgado de Paz, entre ellas los per\u00edmetros de acercamiento, ceses de hostigamiento, retiros de pertenencias y exclusiones de hogar y las directivas judiciales provenientes del Ministerio P\u00fablico Fiscal.&nbsp;<\/p>\n\n\n\n<p>Con las tres fiscal\u00edas locales, por otra parte, se dieron cumplimiento adem\u00e1s a los allanamientos dispuestos en las distintas causas, para el secuestro de armas de fuego y municiones, como adem\u00e1s detenciones de agresores cuando han mediado situaciones que colocaban a las v\u00edctimas en riesgo f\u00edsico.<\/p>\n\n\n\n<p>Desde la Comisar\u00eda de la Mujer y la Familia, en tanto, recordaron las v\u00edas de contacto para quienes necesiten realizar una denuncia y\/o recibir asesoramiento al respecto: Oliveira C\u00e9zar 220, T.E. 03329-422000, celular 3329-564366, mail\u00a0<a href=\"mailto:cmyfsanpedro@hotmail.com\">cmyfsanpedro@hotmail.com<\/a><\/p>\n\n\n\n<p>Fuente: <a href=\"https:\/\/www.visionregional.com.ar\/noticia\/la-comisaria-de-la-mujer-y-la-familia-recibio-mas-de-2000-denuncias-en-2022-1672933941.html\">Vision Regional<\/a><\/p>\n","protected":false},"excerpt":{"rendered":"<p>Desde la dependencia informaron que, de enero a diciembre del 2022, intervinieron en m\u00e1s de 2 mil denuncias por delitos penales e infracciones a la Ley de Violencia Familiar, Violencia de G\u00e9nero y Protecci\u00f3n de los Derechos de las ni\u00f1eces, en estos casos articulando con los equipos de profesionales de la Secretar\u00eda de Pol\u00edticas de [&hellip;]<\/p>\n","protected":false},"author":4,"featured_media":76961,"comment_status":"closed","ping_status":"closed","sticky":false,"template":"","format":"standard","meta":{"om_disable_all_campaigns":false,"_jetpack_memberships_contains_paid_content":false,"footnotes":""},"categories":[50,101,2],"tags":[197,696,33,19],"class_list":["post-113751","post","type-post","status-publish","format-standard","has-post-thumbnail","hentry","category-destacadas","category-interes-general-locales","category-locales","tag-buenos-aires","tag-interes-general","tag-locales","tag-san-pedro"],"aioseo_notices":[],"gutentor_comment":0,"jetpack_featured_media_url":"https:\/\/eldiariodesanpedro.com.ar\/sitio\/wp-content\/uploads\/2020\/06\/la-comisaria-de-la-mujer___w9ngJVkEw_1256x620__2-e1593552150710.jpg","jetpack_shortlink":"https:\/\/wp.me\/p6RhLt-tAH","jetpack_sharing_enabled":true,"_links":{"self":[{"href":"https:\/\/eldiariodesanpedro.com.ar\/sitio\/wp-json\/wp\/v2\/posts\/113751","targetHints":{"allow":["GET"]}}],"collection":[{"href":"https:\/\/eldiariodesanpedro.com.ar\/sitio\/wp-json\/wp\/v2\/posts"}],"about":[{"href":"https:\/\/eldiariodesanpedro.com.ar\/sitio\/wp-json\/wp\/v2\/types\/post"}],"author":[{"embeddable":true,"href":"https:\/\/eldiariodesanpedro.com.ar\/sitio\/wp-json\/wp\/v2\/users\/4"}],"replies":[{"embeddable":true,"href":"https:\/\/eldiariodesanpedro.com.ar\/sitio\/wp-json\/wp\/v2\/comments?post=113751"}],"version-history":[{"count":2,"href":"https:\/\/eldiariodesanpedro.com.ar\/sitio\/wp-json\/wp\/v2\/posts\/113751\/revisions"}],"predecessor-version":[{"id":113754,"href":"https:\/\/eldiariodesanpedro.com.ar\/sitio\/wp-json\/wp\/v2\/posts\/113751\/revisions\/113754"}],"wp:featuredmedia":[{"embeddable":true,"href":"https:\/\/eldiariodesanpedro.com.ar\/sitio\/wp-json\/wp\/v2\/media\/76961"}],"wp:attachment":[{"href":"https:\/\/eldiariodesanpedro.com.ar\/sitio\/wp-json\/wp\/v2\/media?parent=113751"}],"wp:term":[{"taxonomy":"category","embeddable":true,"href":"https:\/\/eldiariodesanpedro.com.ar\/sitio\/wp-json\/wp\/v2\/categories?post=113751"},{"taxonomy":"post_tag","embeddable":true,"href":"https:\/\/eldiariodesanpedro.com.ar\/sitio\/wp-json\/wp\/v2\/tags?post=113751"}],"curies":[{"name":"wp","href":"https:\/\/api.w.org\/{rel}","templated":true}]}}