{"id":113748,"date":"2023-01-05T18:34:17","date_gmt":"2023-01-05T21:34:17","guid":{"rendered":"https:\/\/eldiariodesanpedro.com.ar\/sitio\/?p=113748"},"modified":"2023-01-05T18:34:20","modified_gmt":"2023-01-05T21:34:20","slug":"el-gobierno-bonaerense-confirmo-los-viajes-de-egresados-gratis","status":"publish","type":"post","link":"https:\/\/eldiariodesanpedro.com.ar\/sitio\/el-gobierno-bonaerense-confirmo-los-viajes-de-egresados-gratis\/","title":{"rendered":"El gobierno Bonaerense confirmo los viajes de egresados gratis"},"content":{"rendered":"<!-- VideographyWP Plugin Message: Automatic video embedding prevented by plugin options. -->\n\n<p>Desde Miramar, Axel Kicillof afirm\u00f3 que la temporada \u00abempieza mejor que nunca\u00bb y confirm\u00f3 la tercera edici\u00f3n de los viajes de fin de curso.<\/p>\n\n\n\n<p>En el primer encuentro de monitoreo y evaluaci\u00f3n de la temporada de verano 2023, el gobernador Axel Kicillof celebr\u00f3 los primeros n\u00fameros de afluencia tur\u00edstica y confirm\u00f3 la tercera edici\u00f3n de los viajes de egresados gratuits para estudiantes secundarios del \u00e1mbito p\u00fablico y privado.<\/p>\n\n\n\n<p>Desde Miramar, Partido de General Alvarado, el mandatario bonaerense hizo el anuncio junto al intendente anfitri\u00f3n, Sebasti\u00e1n Ianantuony, el ministro de Producci\u00f3n, Ciencia y Tecnolog\u00eda, Augusto Costa y la presidenta del Instituto Cultural de la Provincia de Buenos Aires, Florencia Saintout.<\/p>\n\n\n\n<p>Esta temporada empieza mejor que nunca\u201d destac\u00f3 Axel Kicillof luego de escuchar las cifras de visitantes y los niveles de ocupaci\u00f3n hotelera presentados por Augusto Costa. \u201cQuiero celebrar los n\u00fameros y la informaci\u00f3n que compart\u00eda el ministro de producci\u00f3n. Si uno hace memoria, los a\u00f1os anteriores e incluso el pasado estuvo te\u00f1ido de pandemia que hizo estragos en la actividad. La Temporada pasada termin\u00f3 siendo r\u00e9cords a\u00fan bajo extremos cuidados, con protocolos\u201d dijo.<\/p>\n\n\n\n<p>En esa l\u00ednea, asegur\u00f3 que diciembre de 2022 \u201cfue el mejor de la historia\u201d y valor\u00f3 el impacto que gener\u00f3 al movimiento tur\u00edstico la implementaci\u00f3n de los viajes de fin de curso.<\/p>\n\n\n\n<p>Tras repasar los puntos fuertes del \u201cOperativo de Sol a Sol\u201d, confirm\u00f3 la tercera edici\u00f3n de los viajes de egresados gratuitos: \u201cFue una pol\u00edtica muy atacada desde el desconocimiento y el prejuicio. Los pibes y pibas lo esperan con ansiedad. Es cerrar un ciclo y tiene el valor sentimental por un cambio de etapa. No le damos plata, con estos recursos lo que hacemos es solventar el empleo, el trabajo, la actividad econ\u00f3mica en un sector sensible y tan estacional\u201d dijo.<\/p>\n\n\n\n<p>\u201cHemos logrado estirar la temporada tur\u00edstica y este diciembre es resultado. Estamos lanzando la tercera edici\u00f3n de los viajes de fin de curso en la provincia\u201d subray\u00f3.<\/p>\n","protected":false},"excerpt":{"rendered":"<p>Desde Miramar, Axel Kicillof afirm\u00f3 que la temporada \u00abempieza mejor que nunca\u00bb y confirm\u00f3 la tercera edici\u00f3n de los viajes de fin de curso. En el primer encuentro de monitoreo y evaluaci\u00f3n de la temporada de verano 2023, el gobernador Axel Kicillof celebr\u00f3 los primeros n\u00fameros de afluencia tur\u00edstica y confirm\u00f3 la tercera edici\u00f3n de [&hellip;]<\/p>\n","protected":false},"author":4,"featured_media":113749,"comment_status":"closed","ping_status":"closed","sticky":false,"template":"","format":"standard","meta":{"om_disable_all_campaigns":false,"_jetpack_memberships_contains_paid_content":false,"footnotes":""},"categories":[621],"tags":[197,696,33,19],"class_list":["post-113748","post","type-post","status-publish","format-standard","has-post-thumbnail","hentry","category-regionales","tag-buenos-aires","tag-interes-general","tag-locales","tag-san-pedro"],"aioseo_notices":[],"gutentor_comment":0,"jetpack_featured_media_url":"https:\/\/eldiariodesanpedro.com.ar\/sitio\/wp-content\/uploads\/2023\/01\/0000021526-resized-1920x1080-1.jpg","jetpack_shortlink":"https:\/\/wp.me\/p6RhLt-tAE","jetpack_sharing_enabled":true,"_links":{"self":[{"href":"https:\/\/eldiariodesanpedro.com.ar\/sitio\/wp-json\/wp\/v2\/posts\/113748","targetHints":{"allow":["GET"]}}],"collection":[{"href":"https:\/\/eldiariodesanpedro.com.ar\/sitio\/wp-json\/wp\/v2\/posts"}],"about":[{"href":"https:\/\/eldiariodesanpedro.com.ar\/sitio\/wp-json\/wp\/v2\/types\/post"}],"author":[{"embeddable":true,"href":"https:\/\/eldiariodesanpedro.com.ar\/sitio\/wp-json\/wp\/v2\/users\/4"}],"replies":[{"embeddable":true,"href":"https:\/\/eldiariodesanpedro.com.ar\/sitio\/wp-json\/wp\/v2\/comments?post=113748"}],"version-history":[{"count":1,"href":"https:\/\/eldiariodesanpedro.com.ar\/sitio\/wp-json\/wp\/v2\/posts\/113748\/revisions"}],"predecessor-version":[{"id":113750,"href":"https:\/\/eldiariodesanpedro.com.ar\/sitio\/wp-json\/wp\/v2\/posts\/113748\/revisions\/113750"}],"wp:featuredmedia":[{"embeddable":true,"href":"https:\/\/eldiariodesanpedro.com.ar\/sitio\/wp-json\/wp\/v2\/media\/113749"}],"wp:attachment":[{"href":"https:\/\/eldiariodesanpedro.com.ar\/sitio\/wp-json\/wp\/v2\/media?parent=113748"}],"wp:term":[{"taxonomy":"category","embeddable":true,"href":"https:\/\/eldiariodesanpedro.com.ar\/sitio\/wp-json\/wp\/v2\/categories?post=113748"},{"taxonomy":"post_tag","embeddable":true,"href":"https:\/\/eldiariodesanpedro.com.ar\/sitio\/wp-json\/wp\/v2\/tags?post=113748"}],"curies":[{"name":"wp","href":"https:\/\/api.w.org\/{rel}","templated":true}]}}