{"id":113744,"date":"2023-01-05T18:10:24","date_gmt":"2023-01-05T21:10:24","guid":{"rendered":"https:\/\/eldiariodesanpedro.com.ar\/sitio\/?p=113744"},"modified":"2023-01-05T18:13:36","modified_gmt":"2023-01-05T21:13:36","slug":"un-joven-alcoholizado-se-durmio-en-medio-de-la-calle","status":"publish","type":"post","link":"https:\/\/eldiariodesanpedro.com.ar\/sitio\/un-joven-alcoholizado-se-durmio-en-medio-de-la-calle\/","title":{"rendered":"Un joven alcoholizado se durmi\u00f3 en medio de la calle"},"content":{"rendered":"<!-- VideographyWP Plugin Message: Automatic video embedding prevented by plugin options. -->\n\n<p>El joven fue asistido luego de quedar tendido en plena calle. Sucedi\u00f3 en Salta y Beaumont.<\/p>\n\n\n\n<p>Una persona mayor de edad debi\u00f3 ser asistida luego de fuera encontrada tirada en la v\u00eda p\u00fablica.<\/p>\n\n\n\n<p>Se trat\u00f3 de un joven de unos 30 a\u00f1os que fue hallado por vecinos tendido en el medio de la calle en inmediaciones de Salta y Beaumont.<\/p>\n\n\n\n<p>Hab\u00eda cierta incertidumbre sobre qu\u00e9 era lo que le podr\u00eda haber pasado pero luego se constat\u00f3 que se encontraba alcoholizado.<\/p>\n\n\n\n<p>El hombre fue asistido por el servicio Same y trasladado a la guardia del hospital Emilio Ruffa para se atendido por los profesionales del lugar.<\/p>\n","protected":false},"excerpt":{"rendered":"<p>El joven fue asistido luego de quedar tendido en plena calle. Sucedi\u00f3 en Salta y Beaumont. Una persona mayor de edad debi\u00f3 ser asistida luego de fuera encontrada tirada en la v\u00eda p\u00fablica. Se trat\u00f3 de un joven de unos 30 a\u00f1os que fue hallado por vecinos tendido en el medio de la calle en [&hellip;]<\/p>\n","protected":false},"author":4,"featured_media":113747,"comment_status":"closed","ping_status":"closed","sticky":false,"template":"","format":"standard","meta":{"om_disable_all_campaigns":false,"_jetpack_memberships_contains_paid_content":false,"footnotes":""},"categories":[50,101,2],"tags":[197,33,95,19],"class_list":["post-113744","post","type-post","status-publish","format-standard","has-post-thumbnail","hentry","category-destacadas","category-interes-general-locales","category-locales","tag-buenos-aires","tag-locales","tag-policiales","tag-san-pedro"],"aioseo_notices":[],"gutentor_comment":0,"jetpack_featured_media_url":"https:\/\/eldiariodesanpedro.com.ar\/sitio\/wp-content\/uploads\/2023\/01\/0000021524-resized-1920x1080-1.jpg","jetpack_shortlink":"https:\/\/wp.me\/p6RhLt-tAA","jetpack_sharing_enabled":true,"_links":{"self":[{"href":"https:\/\/eldiariodesanpedro.com.ar\/sitio\/wp-json\/wp\/v2\/posts\/113744","targetHints":{"allow":["GET"]}}],"collection":[{"href":"https:\/\/eldiariodesanpedro.com.ar\/sitio\/wp-json\/wp\/v2\/posts"}],"about":[{"href":"https:\/\/eldiariodesanpedro.com.ar\/sitio\/wp-json\/wp\/v2\/types\/post"}],"author":[{"embeddable":true,"href":"https:\/\/eldiariodesanpedro.com.ar\/sitio\/wp-json\/wp\/v2\/users\/4"}],"replies":[{"embeddable":true,"href":"https:\/\/eldiariodesanpedro.com.ar\/sitio\/wp-json\/wp\/v2\/comments?post=113744"}],"version-history":[{"count":1,"href":"https:\/\/eldiariodesanpedro.com.ar\/sitio\/wp-json\/wp\/v2\/posts\/113744\/revisions"}],"predecessor-version":[{"id":113746,"href":"https:\/\/eldiariodesanpedro.com.ar\/sitio\/wp-json\/wp\/v2\/posts\/113744\/revisions\/113746"}],"wp:featuredmedia":[{"embeddable":true,"href":"https:\/\/eldiariodesanpedro.com.ar\/sitio\/wp-json\/wp\/v2\/media\/113747"}],"wp:attachment":[{"href":"https:\/\/eldiariodesanpedro.com.ar\/sitio\/wp-json\/wp\/v2\/media?parent=113744"}],"wp:term":[{"taxonomy":"category","embeddable":true,"href":"https:\/\/eldiariodesanpedro.com.ar\/sitio\/wp-json\/wp\/v2\/categories?post=113744"},{"taxonomy":"post_tag","embeddable":true,"href":"https:\/\/eldiariodesanpedro.com.ar\/sitio\/wp-json\/wp\/v2\/tags?post=113744"}],"curies":[{"name":"wp","href":"https:\/\/api.w.org\/{rel}","templated":true}]}}