{"id":113741,"date":"2023-01-05T17:57:44","date_gmt":"2023-01-05T20:57:44","guid":{"rendered":"https:\/\/eldiariodesanpedro.com.ar\/sitio\/?p=113741"},"modified":"2023-01-05T17:57:46","modified_gmt":"2023-01-05T20:57:46","slug":"el-bisemanario-el-imparcial-cumple-100-anos","status":"publish","type":"post","link":"https:\/\/eldiariodesanpedro.com.ar\/sitio\/el-bisemanario-el-imparcial-cumple-100-anos\/","title":{"rendered":"El bisemanario El Imparcial cumple 100 a\u00f1os"},"content":{"rendered":"<!-- VideographyWP Plugin Message: Automatic video embedding prevented by plugin options. -->\n\n<p>Es uno de los medios escritos con m\u00e1s a\u00f1os en el pa\u00eds. Marc\u00f3 toda una \u00e9poca. Por \u00e9l pasaron los periodistas m\u00e1s reconocidos de la ciudad y la regi\u00f3n.<\/p>\n\n\n\n<p>El decano del periodismo sampedrino cumple un siglo. El 6 de enero de 1923, El Imparcial apareci\u00f3 por primera vez en San Pedro. La ciudad ten\u00eda s\u00f3lo 16 a\u00f1os cuando Jos\u00e9 Montero y Jos\u00e9 M\u00f3rtola idearon el semanario que muy pronto cont\u00f3 con la aprobaci\u00f3n de las familias por su informaci\u00f3n seria, variada y amplia, abarcando no s\u00f3lo el sector urbano, sino la poblad\u00edsima zona rural. Para los hogares fue una compa\u00f1\u00eda los s\u00e1bados, d\u00eda de aparici\u00f3n hasta 1968, cuando se lo adelant\u00f3 un d\u00eda, hasta que en 1993 se convirti\u00f3 en bisemanario con salidas de lunes y jueves. Notas sociales, deportivas, comunitarias y una opini\u00f3n pol\u00edtica clara y bien intencionada, motivaron la credibilidad de El Imparcial. Por sus p\u00e1ginas desfilaron plumas talentosas, articulistas e editorialistas que brindaron al semanario la seriedad que lo caracteriza hasta el presente. Actualmente, el \u00fanico que se mantiene vivo en el papel, y eso tambi\u00e9n lo simboliza como el medio con mayor trayectoria ininterrumpida en San Pedro; en el pa\u00eds, El Imparcial tambi\u00e9n ocupa un lugar de privilegio entre las publicaciones con mayor cantidad de permanencia sin pausas.<\/p>\n\n\n\n<p>Demasiado breve esta semblanza para tanta historia y sin menci\u00f3n de quienes m\u00e1s sobresalieron en sus p\u00e1ginas, por el temor al olvido y porque todos fueron valiosos en el momento de acercar sus colaboraciones. Seguro gente m\u00e1s destacada y que tienen mejor visi\u00f3n cronol\u00f3gica del siglo, podr\u00e1n brindar un panorama m\u00e1s amplio de la prol\u00edfica vida de El Imparcial, que result\u00f3 clave en el crecimiento de la ciudad, no s\u00f3lo informando sino mencionando necesidades y apuntalando el progreso exaltando lo correcto o criticando lo que merec\u00eda mejorarse o corregirse.<\/p>\n\n\n\n<p>\u00a1Un siglo! \u00a1Centenario! \u00a1100 a\u00f1os! Sampedrinos que siempre lo miraron con orgullo, saben de qu\u00e9 se trata.<\/p>\n","protected":false},"excerpt":{"rendered":"<p>Es uno de los medios escritos con m\u00e1s a\u00f1os en el pa\u00eds. Marc\u00f3 toda una \u00e9poca. Por \u00e9l pasaron los periodistas m\u00e1s reconocidos de la ciudad y la regi\u00f3n. El decano del periodismo sampedrino cumple un siglo. El 6 de enero de 1923, El Imparcial apareci\u00f3 por primera vez en San Pedro. La ciudad ten\u00eda [&hellip;]<\/p>\n","protected":false},"author":4,"featured_media":113742,"comment_status":"closed","ping_status":"closed","sticky":false,"template":"","format":"standard","meta":{"om_disable_all_campaigns":false,"_jetpack_memberships_contains_paid_content":false,"footnotes":""},"categories":[50,101,2],"tags":[197,696,33,19],"class_list":["post-113741","post","type-post","status-publish","format-standard","has-post-thumbnail","hentry","category-destacadas","category-interes-general-locales","category-locales","tag-buenos-aires","tag-interes-general","tag-locales","tag-san-pedro"],"aioseo_notices":[],"gutentor_comment":0,"jetpack_featured_media_url":"https:\/\/eldiariodesanpedro.com.ar\/sitio\/wp-content\/uploads\/2023\/01\/0000021525-resized-1920x1080-1.jpg","jetpack_shortlink":"https:\/\/wp.me\/p6RhLt-tAx","jetpack_sharing_enabled":true,"_links":{"self":[{"href":"https:\/\/eldiariodesanpedro.com.ar\/sitio\/wp-json\/wp\/v2\/posts\/113741","targetHints":{"allow":["GET"]}}],"collection":[{"href":"https:\/\/eldiariodesanpedro.com.ar\/sitio\/wp-json\/wp\/v2\/posts"}],"about":[{"href":"https:\/\/eldiariodesanpedro.com.ar\/sitio\/wp-json\/wp\/v2\/types\/post"}],"author":[{"embeddable":true,"href":"https:\/\/eldiariodesanpedro.com.ar\/sitio\/wp-json\/wp\/v2\/users\/4"}],"replies":[{"embeddable":true,"href":"https:\/\/eldiariodesanpedro.com.ar\/sitio\/wp-json\/wp\/v2\/comments?post=113741"}],"version-history":[{"count":1,"href":"https:\/\/eldiariodesanpedro.com.ar\/sitio\/wp-json\/wp\/v2\/posts\/113741\/revisions"}],"predecessor-version":[{"id":113743,"href":"https:\/\/eldiariodesanpedro.com.ar\/sitio\/wp-json\/wp\/v2\/posts\/113741\/revisions\/113743"}],"wp:featuredmedia":[{"embeddable":true,"href":"https:\/\/eldiariodesanpedro.com.ar\/sitio\/wp-json\/wp\/v2\/media\/113742"}],"wp:attachment":[{"href":"https:\/\/eldiariodesanpedro.com.ar\/sitio\/wp-json\/wp\/v2\/media?parent=113741"}],"wp:term":[{"taxonomy":"category","embeddable":true,"href":"https:\/\/eldiariodesanpedro.com.ar\/sitio\/wp-json\/wp\/v2\/categories?post=113741"},{"taxonomy":"post_tag","embeddable":true,"href":"https:\/\/eldiariodesanpedro.com.ar\/sitio\/wp-json\/wp\/v2\/tags?post=113741"}],"curies":[{"name":"wp","href":"https:\/\/api.w.org\/{rel}","templated":true}]}}