{"id":113735,"date":"2023-01-05T15:45:11","date_gmt":"2023-01-05T18:45:11","guid":{"rendered":"https:\/\/eldiariodesanpedro.com.ar\/sitio\/?p=113735"},"modified":"2023-01-05T15:45:12","modified_gmt":"2023-01-05T18:45:12","slug":"baradero-un-bebe-fue-hallado-en-una-zanja-vamos-a-pedir-el-cuidado-personal-porque-es-una-causa-grave-que-no-puede-ser-justificada-como-un-descuido","status":"publish","type":"post","link":"https:\/\/eldiariodesanpedro.com.ar\/sitio\/baradero-un-bebe-fue-hallado-en-una-zanja-vamos-a-pedir-el-cuidado-personal-porque-es-una-causa-grave-que-no-puede-ser-justificada-como-un-descuido\/","title":{"rendered":"BARADERO | Un beb\u00e9 fue hallado en una zanja: \u201cVamos a pedir el cuidado personal porque es una causa grave que no puede ser justificada como un descuido\u201d"},"content":{"rendered":"<!-- VideographyWP Plugin Message: Automatic video embedding prevented by plugin options. -->\n\n<p>Lo manifest\u00f3 en Tu Radio, Diego Jeanmaire, Abogado del Padre de la criatura de un a\u00f1o y medio que fue hallado el 1 de Enero en una zanja de Pedro Alonso y Te\u00f3filo Rosell.<\/p>\n\n\n\n<p>\u201cDesde que naci\u00f3 el nene iniciamos una acci\u00f3n de filiaci\u00f3n porque en su momento la abuela materna le impidi\u00f3 asistir al nacimiento a trav\u00e9s de una perimetral\u201d, manifest\u00f3 Diego.<\/p>\n\n\n\n<p>Por otro lado, el letrado declar\u00f3 que \u201cest\u00e1n esperando para poder hacer el cambio de apellido porque es un derecho del menor\u201d.<\/p>\n\n\n\n<p>Sobre el episodio ocurrido este Domingo, cuando en horas de la ma\u00f1ana una mujer encuentra sobre una zanja de Pedro Alonso y Teofilo Rosell al menor, Jeanmaire dijo que \u201cla familia materna manifiesta un descuido que hace que el nene se vaya de la casa\u201d.<\/p>\n\n\n\n<p>\u201cLa mam\u00e1 se iba a trabajar y el nene quedaba aparentemente al cuidado de su t\u00eda de 14 a\u00f1os\u201d, agreg\u00f3.<\/p>\n\n\n\n<p>Adem\u00e1s, Diego inform\u00f3 que \u201centre hoy y ma\u00f1ana se va a producir el egreso del menor del Hogar porque no se realiz\u00f3 una causa de abrigo\u201d.<\/p>\n\n\n\n<p>\u201cNosotros pedimos el cuidado personal porque es una causa grave que no puede ser justificada en un descuido. Hay errores que no pueden ocurrir. La abuela materna no quiere al padre de su nieto, entonces no lo deja verlo. Hay abuelos que dejan de cumplir su rol de abuelos y toman un papel m\u00e1s posesivo\u201d, finaliz\u00f3.<\/p>\n\n\n\n<p>Fuente: <a href=\"https:\/\/tulineadirecta.com\/un-bebe-fue-hallado-en-una-zanja-vamos-a-pedir-el-cuidado-personal-porque-es-una-causa-grave-que-no-puede-ser-justificada-como-un-descuido\/\">Tu Linea Directa<\/a><\/p>\n","protected":false},"excerpt":{"rendered":"<p>Lo manifest\u00f3 en Tu Radio, Diego Jeanmaire, Abogado del Padre de la criatura de un a\u00f1o y medio que fue hallado el 1 de Enero en una zanja de Pedro Alonso y Te\u00f3filo Rosell. \u201cDesde que naci\u00f3 el nene iniciamos una acci\u00f3n de filiaci\u00f3n porque en su momento la abuela materna le impidi\u00f3 asistir al [&hellip;]<\/p>\n","protected":false},"author":4,"featured_media":113739,"comment_status":"closed","ping_status":"closed","sticky":false,"template":"","format":"standard","meta":{"om_disable_all_campaigns":false,"_jetpack_memberships_contains_paid_content":false,"footnotes":""},"categories":[621],"tags":[197,681],"class_list":["post-113735","post","type-post","status-publish","format-standard","has-post-thumbnail","hentry","category-regionales","tag-buenos-aires","tag-regionales"],"aioseo_notices":[],"gutentor_comment":0,"jetpack_featured_media_url":"https:\/\/eldiariodesanpedro.com.ar\/sitio\/wp-content\/uploads\/2023\/01\/1-2.jpg","jetpack_shortlink":"https:\/\/wp.me\/p6RhLt-tAr","jetpack_sharing_enabled":true,"_links":{"self":[{"href":"https:\/\/eldiariodesanpedro.com.ar\/sitio\/wp-json\/wp\/v2\/posts\/113735","targetHints":{"allow":["GET"]}}],"collection":[{"href":"https:\/\/eldiariodesanpedro.com.ar\/sitio\/wp-json\/wp\/v2\/posts"}],"about":[{"href":"https:\/\/eldiariodesanpedro.com.ar\/sitio\/wp-json\/wp\/v2\/types\/post"}],"author":[{"embeddable":true,"href":"https:\/\/eldiariodesanpedro.com.ar\/sitio\/wp-json\/wp\/v2\/users\/4"}],"replies":[{"embeddable":true,"href":"https:\/\/eldiariodesanpedro.com.ar\/sitio\/wp-json\/wp\/v2\/comments?post=113735"}],"version-history":[{"count":1,"href":"https:\/\/eldiariodesanpedro.com.ar\/sitio\/wp-json\/wp\/v2\/posts\/113735\/revisions"}],"predecessor-version":[{"id":113740,"href":"https:\/\/eldiariodesanpedro.com.ar\/sitio\/wp-json\/wp\/v2\/posts\/113735\/revisions\/113740"}],"wp:featuredmedia":[{"embeddable":true,"href":"https:\/\/eldiariodesanpedro.com.ar\/sitio\/wp-json\/wp\/v2\/media\/113739"}],"wp:attachment":[{"href":"https:\/\/eldiariodesanpedro.com.ar\/sitio\/wp-json\/wp\/v2\/media?parent=113735"}],"wp:term":[{"taxonomy":"category","embeddable":true,"href":"https:\/\/eldiariodesanpedro.com.ar\/sitio\/wp-json\/wp\/v2\/categories?post=113735"},{"taxonomy":"post_tag","embeddable":true,"href":"https:\/\/eldiariodesanpedro.com.ar\/sitio\/wp-json\/wp\/v2\/tags?post=113735"}],"curies":[{"name":"wp","href":"https:\/\/api.w.org\/{rel}","templated":true}]}}