{"id":113727,"date":"2023-01-05T13:20:15","date_gmt":"2023-01-05T16:20:15","guid":{"rendered":"https:\/\/eldiariodesanpedro.com.ar\/sitio\/?p=113727"},"modified":"2023-01-05T13:20:17","modified_gmt":"2023-01-05T16:20:17","slug":"se-secuestraron-una-carabina-y-un-arma-tumbera-en-allanamiento","status":"publish","type":"post","link":"https:\/\/eldiariodesanpedro.com.ar\/sitio\/se-secuestraron-una-carabina-y-un-arma-tumbera-en-allanamiento\/","title":{"rendered":"Se secuestraron una carabina y un arma tumbera en allanamiento"},"content":{"rendered":"<!-- VideographyWP Plugin Message: Automatic video embedding prevented by plugin options. -->\n\n<p>Tras recibir una denuncia en la CMYF sobre un presunto abuso de armas la polic\u00eda de nuestra ciudad realizo diligencias que dieron como resultado positivos y la aprehensi\u00f3n de dos ciudadanos.<\/p>\n\n\n\n<p>En el d\u00eda de ayer, en referencia a actuaciones iniciadas en Comisar\u00eda de la Mujer y la Familia, se realizaron diligencias de allanamiento en el domicilio de un ciudadano de 38 a\u00f1os y de una mujer de 30 a\u00f1os domiciliados en calle Lucio Mansilla al 5000 arrojando resultado positivo, logr\u00e1ndose secuestro de una escopeta de dos ca\u00f1os sin marca visible calibre 16 y una escopeta casera tipo tumbera calibre 14 y junto a 24 cartuchos de distintos calibres.<\/p>\n\n\n\n<p>Tomo intervenci\u00f3n la UFI 11 quien avala el secuestro y dispone aprehensi\u00f3n de ambos moradores quienes permanecen alojados en dependencia local hasta primera audiencia.<\/p>\n\n\n\n<figure class=\"wp-block-image size-full\"><img decoding=\"async\" width=\"323\" height=\"433\" data-attachment-id=\"113730\" data-permalink=\"https:\/\/eldiariodesanpedro.com.ar\/sitio\/se-secuestraron-una-carabina-y-un-arma-tumbera-en-allanamiento\/3-106\/\" data-orig-file=\"https:\/\/eldiariodesanpedro.com.ar\/sitio\/wp-content\/uploads\/2023\/01\/3.jpg\" data-orig-size=\"323,433\" data-comments-opened=\"0\" data-image-meta=\"{&quot;aperture&quot;:&quot;0&quot;,&quot;credit&quot;:&quot;&quot;,&quot;camera&quot;:&quot;&quot;,&quot;caption&quot;:&quot;&quot;,&quot;created_timestamp&quot;:&quot;0&quot;,&quot;copyright&quot;:&quot;&quot;,&quot;focal_length&quot;:&quot;0&quot;,&quot;iso&quot;:&quot;0&quot;,&quot;shutter_speed&quot;:&quot;0&quot;,&quot;title&quot;:&quot;&quot;,&quot;orientation&quot;:&quot;0&quot;}\" data-image-title=\"3\" data-image-description=\"\" data-image-caption=\"\" data-large-file=\"https:\/\/eldiariodesanpedro.com.ar\/sitio\/wp-content\/uploads\/2023\/01\/3.jpg\" data-src=\"https:\/\/eldiariodesanpedro.com.ar\/sitio\/wp-content\/uploads\/2023\/01\/3.jpg\" alt=\"\" class=\"wp-image-113730 lazyload\" data-srcset=\"https:\/\/eldiariodesanpedro.com.ar\/sitio\/wp-content\/uploads\/2023\/01\/3.jpg 323w, https:\/\/eldiariodesanpedro.com.ar\/sitio\/wp-content\/uploads\/2023\/01\/3-224x300.jpg 224w\" data-sizes=\"(max-width: 323px) 100vw, 323px\" src=\"data:image\/svg+xml;base64,PHN2ZyB3aWR0aD0iMSIgaGVpZ2h0PSIxIiB4bWxucz0iaHR0cDovL3d3dy53My5vcmcvMjAwMC9zdmciPjwvc3ZnPg==\" style=\"--smush-placeholder-width: 323px; --smush-placeholder-aspect-ratio: 323\/433;\" \/><\/figure>\n\n\n\n<figure class=\"wp-block-image size-full\"><img decoding=\"async\" width=\"323\" height=\"433\" data-attachment-id=\"113728\" data-permalink=\"https:\/\/eldiariodesanpedro.com.ar\/sitio\/se-secuestraron-una-carabina-y-un-arma-tumbera-en-allanamiento\/1-250\/\" data-orig-file=\"https:\/\/eldiariodesanpedro.com.ar\/sitio\/wp-content\/uploads\/2023\/01\/1-1.jpg\" data-orig-size=\"323,433\" data-comments-opened=\"0\" data-image-meta=\"{&quot;aperture&quot;:&quot;0&quot;,&quot;credit&quot;:&quot;&quot;,&quot;camera&quot;:&quot;&quot;,&quot;caption&quot;:&quot;&quot;,&quot;created_timestamp&quot;:&quot;0&quot;,&quot;copyright&quot;:&quot;&quot;,&quot;focal_length&quot;:&quot;0&quot;,&quot;iso&quot;:&quot;0&quot;,&quot;shutter_speed&quot;:&quot;0&quot;,&quot;title&quot;:&quot;&quot;,&quot;orientation&quot;:&quot;0&quot;}\" data-image-title=\"1\" data-image-description=\"\" data-image-caption=\"\" data-large-file=\"https:\/\/eldiariodesanpedro.com.ar\/sitio\/wp-content\/uploads\/2023\/01\/1-1.jpg\" data-src=\"https:\/\/eldiariodesanpedro.com.ar\/sitio\/wp-content\/uploads\/2023\/01\/1-1.jpg\" alt=\"\" class=\"wp-image-113728 lazyload\" data-srcset=\"https:\/\/eldiariodesanpedro.com.ar\/sitio\/wp-content\/uploads\/2023\/01\/1-1.jpg 323w, https:\/\/eldiariodesanpedro.com.ar\/sitio\/wp-content\/uploads\/2023\/01\/1-1-224x300.jpg 224w\" data-sizes=\"(max-width: 323px) 100vw, 323px\" src=\"data:image\/svg+xml;base64,PHN2ZyB3aWR0aD0iMSIgaGVpZ2h0PSIxIiB4bWxucz0iaHR0cDovL3d3dy53My5vcmcvMjAwMC9zdmciPjwvc3ZnPg==\" style=\"--smush-placeholder-width: 323px; --smush-placeholder-aspect-ratio: 323\/433;\" \/><\/figure>\n","protected":false},"excerpt":{"rendered":"<p>Tras recibir una denuncia en la CMYF sobre un presunto abuso de armas la polic\u00eda de nuestra ciudad realizo diligencias que dieron como resultado positivos y la aprehensi\u00f3n de dos ciudadanos. En el d\u00eda de ayer, en referencia a actuaciones iniciadas en Comisar\u00eda de la Mujer y la Familia, se realizaron diligencias de allanamiento en [&hellip;]<\/p>\n","protected":false},"author":4,"featured_media":113729,"comment_status":"closed","ping_status":"closed","sticky":false,"template":"","format":"standard","meta":{"om_disable_all_campaigns":false,"_jetpack_memberships_contains_paid_content":false,"footnotes":""},"categories":[50,2,103],"tags":[197,33,95,19],"class_list":["post-113727","post","type-post","status-publish","format-standard","has-post-thumbnail","hentry","category-destacadas","category-locales","category-policiales-locales","tag-buenos-aires","tag-locales","tag-policiales","tag-san-pedro"],"aioseo_notices":[],"gutentor_comment":0,"jetpack_featured_media_url":"https:\/\/eldiariodesanpedro.com.ar\/sitio\/wp-content\/uploads\/2023\/01\/2-1.jpg","jetpack_shortlink":"https:\/\/wp.me\/p6RhLt-tAj","jetpack_sharing_enabled":true,"_links":{"self":[{"href":"https:\/\/eldiariodesanpedro.com.ar\/sitio\/wp-json\/wp\/v2\/posts\/113727","targetHints":{"allow":["GET"]}}],"collection":[{"href":"https:\/\/eldiariodesanpedro.com.ar\/sitio\/wp-json\/wp\/v2\/posts"}],"about":[{"href":"https:\/\/eldiariodesanpedro.com.ar\/sitio\/wp-json\/wp\/v2\/types\/post"}],"author":[{"embeddable":true,"href":"https:\/\/eldiariodesanpedro.com.ar\/sitio\/wp-json\/wp\/v2\/users\/4"}],"replies":[{"embeddable":true,"href":"https:\/\/eldiariodesanpedro.com.ar\/sitio\/wp-json\/wp\/v2\/comments?post=113727"}],"version-history":[{"count":1,"href":"https:\/\/eldiariodesanpedro.com.ar\/sitio\/wp-json\/wp\/v2\/posts\/113727\/revisions"}],"predecessor-version":[{"id":113731,"href":"https:\/\/eldiariodesanpedro.com.ar\/sitio\/wp-json\/wp\/v2\/posts\/113727\/revisions\/113731"}],"wp:featuredmedia":[{"embeddable":true,"href":"https:\/\/eldiariodesanpedro.com.ar\/sitio\/wp-json\/wp\/v2\/media\/113729"}],"wp:attachment":[{"href":"https:\/\/eldiariodesanpedro.com.ar\/sitio\/wp-json\/wp\/v2\/media?parent=113727"}],"wp:term":[{"taxonomy":"category","embeddable":true,"href":"https:\/\/eldiariodesanpedro.com.ar\/sitio\/wp-json\/wp\/v2\/categories?post=113727"},{"taxonomy":"post_tag","embeddable":true,"href":"https:\/\/eldiariodesanpedro.com.ar\/sitio\/wp-json\/wp\/v2\/tags?post=113727"}],"curies":[{"name":"wp","href":"https:\/\/api.w.org\/{rel}","templated":true}]}}