{"id":113720,"date":"2023-01-05T12:54:37","date_gmt":"2023-01-05T15:54:37","guid":{"rendered":"https:\/\/eldiariodesanpedro.com.ar\/sitio\/?p=113720"},"modified":"2023-01-05T12:54:47","modified_gmt":"2023-01-05T15:54:47","slug":"un-menor-junto-a-su-tia-sufrieron-heridas-al-chocar-en-moto","status":"publish","type":"post","link":"https:\/\/eldiariodesanpedro.com.ar\/sitio\/un-menor-junto-a-su-tia-sufrieron-heridas-al-chocar-en-moto\/","title":{"rendered":"Un menor junto a su t\u00eda sufrieron heridas al chocar en moto"},"content":{"rendered":"<!-- VideographyWP Plugin Message: Automatic video embedding prevented by plugin options. -->\n\n<p>Este miercoles se produjo un accidente de transito en donde un menor de edad que conducia una motocicleta sufrio lesiones en su rostro.<\/p>\n\n\n\n<p>En el dia de ayer a las 14:15 horas, el personal policial se desplaz\u00f3 hasta calle Saregento Cabral y Bonorino, donde colisionaron una motocicleta Zanella 110 cc &nbsp;guiada por un masculino de 15 a\u00f1os, acompa\u00f1ado por su tia de 28 a\u00f1os, presentando el joven excoriaciones en rostro siendo trasladado en ambulancia y en cuanto a femenina dolor en mano derecha neg\u00e1ndose a ser asistida y haciendose presente mas tarde en hospital por sus medios, ambos poseen lesiones leves, en cuanto al veh\u00edculo restante es una camioneta Ford Ecosport la cual era conducida por una mujer de 52 a\u00f1os quien resulto ilesa.<\/p>\n\n\n\n<p>Interviene la UFI del joven se restituye rodado mayor al propietario, en cuanto a la motocicleta se da intervenci\u00f3n al Juzgado de Faltas local por carecer de documentaci\u00f3n y ser menor de edad.-<\/p>\n","protected":false},"excerpt":{"rendered":"<p>Este miercoles se produjo un accidente de transito en donde un menor de edad que conducia una motocicleta sufrio lesiones en su rostro. En el dia de ayer a las 14:15 horas, el personal policial se desplaz\u00f3 hasta calle Saregento Cabral y Bonorino, donde colisionaron una motocicleta Zanella 110 cc &nbsp;guiada por un masculino de [&hellip;]<\/p>\n","protected":false},"author":4,"featured_media":113721,"comment_status":"closed","ping_status":"closed","sticky":false,"template":"","format":"standard","meta":{"om_disable_all_campaigns":false,"_jetpack_memberships_contains_paid_content":false,"footnotes":""},"categories":[50,2,103],"tags":[197,33,95,19],"class_list":["post-113720","post","type-post","status-publish","format-standard","has-post-thumbnail","hentry","category-destacadas","category-locales","category-policiales-locales","tag-buenos-aires","tag-locales","tag-policiales","tag-san-pedro"],"aioseo_notices":[],"gutentor_comment":0,"jetpack_featured_media_url":"https:\/\/eldiariodesanpedro.com.ar\/sitio\/wp-content\/uploads\/2023\/01\/medida-2.jpg","jetpack_shortlink":"https:\/\/wp.me\/p6RhLt-tAc","jetpack_sharing_enabled":true,"_links":{"self":[{"href":"https:\/\/eldiariodesanpedro.com.ar\/sitio\/wp-json\/wp\/v2\/posts\/113720","targetHints":{"allow":["GET"]}}],"collection":[{"href":"https:\/\/eldiariodesanpedro.com.ar\/sitio\/wp-json\/wp\/v2\/posts"}],"about":[{"href":"https:\/\/eldiariodesanpedro.com.ar\/sitio\/wp-json\/wp\/v2\/types\/post"}],"author":[{"embeddable":true,"href":"https:\/\/eldiariodesanpedro.com.ar\/sitio\/wp-json\/wp\/v2\/users\/4"}],"replies":[{"embeddable":true,"href":"https:\/\/eldiariodesanpedro.com.ar\/sitio\/wp-json\/wp\/v2\/comments?post=113720"}],"version-history":[{"count":2,"href":"https:\/\/eldiariodesanpedro.com.ar\/sitio\/wp-json\/wp\/v2\/posts\/113720\/revisions"}],"predecessor-version":[{"id":113723,"href":"https:\/\/eldiariodesanpedro.com.ar\/sitio\/wp-json\/wp\/v2\/posts\/113720\/revisions\/113723"}],"wp:featuredmedia":[{"embeddable":true,"href":"https:\/\/eldiariodesanpedro.com.ar\/sitio\/wp-json\/wp\/v2\/media\/113721"}],"wp:attachment":[{"href":"https:\/\/eldiariodesanpedro.com.ar\/sitio\/wp-json\/wp\/v2\/media?parent=113720"}],"wp:term":[{"taxonomy":"category","embeddable":true,"href":"https:\/\/eldiariodesanpedro.com.ar\/sitio\/wp-json\/wp\/v2\/categories?post=113720"},{"taxonomy":"post_tag","embeddable":true,"href":"https:\/\/eldiariodesanpedro.com.ar\/sitio\/wp-json\/wp\/v2\/tags?post=113720"}],"curies":[{"name":"wp","href":"https:\/\/api.w.org\/{rel}","templated":true}]}}