{"id":113709,"date":"2023-01-05T11:04:41","date_gmt":"2023-01-05T14:04:41","guid":{"rendered":"https:\/\/eldiariodesanpedro.com.ar\/sitio\/?p=113709"},"modified":"2023-01-05T11:04:43","modified_gmt":"2023-01-05T14:04:43","slug":"un-albanil-quiso-cobrar-plata-que-le-deben-por-un-trabajo-y-fue-amenazado","status":"publish","type":"post","link":"https:\/\/eldiariodesanpedro.com.ar\/sitio\/un-albanil-quiso-cobrar-plata-que-le-deben-por-un-trabajo-y-fue-amenazado\/","title":{"rendered":"Un alba\u00f1il quiso cobrar plata que le deben por un trabajo y fue amenazado"},"content":{"rendered":"<!-- VideographyWP Plugin Message: Automatic video embedding prevented by plugin options. -->\n\n<p>En el d\u00eda de ayer, en la comisaria de nuestra ciudad denunci\u00f3 un ciudadano de de 48 a\u00f1os, que mantiene conflicto con otro masculino el cual le debe un dinero de trabajos realizados como alba\u00f1il y al querer cobrar la deuda en distintas circunstancias recibi\u00f3 amenazas verbales por parte del cliente.<\/p>\n","protected":false},"excerpt":{"rendered":"<p>En el d\u00eda de ayer, en la comisaria de nuestra ciudad denunci\u00f3 un ciudadano de de 48 a\u00f1os, que mantiene conflicto con otro masculino el cual le debe un dinero de trabajos realizados como alba\u00f1il y al querer cobrar la deuda en distintas circunstancias recibi\u00f3 amenazas verbales por parte del cliente.<\/p>\n","protected":false},"author":4,"featured_media":45394,"comment_status":"closed","ping_status":"closed","sticky":false,"template":"","format":"standard","meta":{"om_disable_all_campaigns":false,"_jetpack_memberships_contains_paid_content":false,"footnotes":""},"categories":[2],"tags":[197,33,95,19],"class_list":["post-113709","post","type-post","status-publish","format-standard","has-post-thumbnail","hentry","category-locales","tag-buenos-aires","tag-locales","tag-policiales","tag-san-pedro"],"aioseo_notices":[],"gutentor_comment":0,"jetpack_featured_media_url":"https:\/\/eldiariodesanpedro.com.ar\/sitio\/wp-content\/uploads\/2019\/01\/comisaria.jpg","jetpack_shortlink":"https:\/\/wp.me\/p6RhLt-tA1","jetpack_sharing_enabled":true,"_links":{"self":[{"href":"https:\/\/eldiariodesanpedro.com.ar\/sitio\/wp-json\/wp\/v2\/posts\/113709","targetHints":{"allow":["GET"]}}],"collection":[{"href":"https:\/\/eldiariodesanpedro.com.ar\/sitio\/wp-json\/wp\/v2\/posts"}],"about":[{"href":"https:\/\/eldiariodesanpedro.com.ar\/sitio\/wp-json\/wp\/v2\/types\/post"}],"author":[{"embeddable":true,"href":"https:\/\/eldiariodesanpedro.com.ar\/sitio\/wp-json\/wp\/v2\/users\/4"}],"replies":[{"embeddable":true,"href":"https:\/\/eldiariodesanpedro.com.ar\/sitio\/wp-json\/wp\/v2\/comments?post=113709"}],"version-history":[{"count":1,"href":"https:\/\/eldiariodesanpedro.com.ar\/sitio\/wp-json\/wp\/v2\/posts\/113709\/revisions"}],"predecessor-version":[{"id":113710,"href":"https:\/\/eldiariodesanpedro.com.ar\/sitio\/wp-json\/wp\/v2\/posts\/113709\/revisions\/113710"}],"wp:featuredmedia":[{"embeddable":true,"href":"https:\/\/eldiariodesanpedro.com.ar\/sitio\/wp-json\/wp\/v2\/media\/45394"}],"wp:attachment":[{"href":"https:\/\/eldiariodesanpedro.com.ar\/sitio\/wp-json\/wp\/v2\/media?parent=113709"}],"wp:term":[{"taxonomy":"category","embeddable":true,"href":"https:\/\/eldiariodesanpedro.com.ar\/sitio\/wp-json\/wp\/v2\/categories?post=113709"},{"taxonomy":"post_tag","embeddable":true,"href":"https:\/\/eldiariodesanpedro.com.ar\/sitio\/wp-json\/wp\/v2\/tags?post=113709"}],"curies":[{"name":"wp","href":"https:\/\/api.w.org\/{rel}","templated":true}]}}