{"id":113702,"date":"2023-01-05T10:49:54","date_gmt":"2023-01-05T13:49:54","guid":{"rendered":"https:\/\/eldiariodesanpedro.com.ar\/sitio\/?p=113702"},"modified":"2023-01-05T11:17:42","modified_gmt":"2023-01-05T14:17:42","slug":"destino-san-javier-soledad-y-luciano-pereyra-tambien-estaran-en-el-festival-de-baradero-2023","status":"publish","type":"post","link":"https:\/\/eldiariodesanpedro.com.ar\/sitio\/destino-san-javier-soledad-y-luciano-pereyra-tambien-estaran-en-el-festival-de-baradero-2023\/","title":{"rendered":"BARADERO | Destino San Javier, Soledad y Luciano Pereyra tambi\u00e9n estar\u00e1n en el Festival de Baradero 2023"},"content":{"rendered":"<!-- VideographyWP Plugin Message: Automatic video embedding prevented by plugin options. -->\n\n<p>Tras haber confirmado la presencia de Abel Pintos y de La Konga, en la jornada de hoy en la conferencia de prensa se sumaron estos tres grandes grupos reconocidos en el pa\u00eds entre otros grupos locales.<\/p>\n\n\n\n<p>EL <strong>48\u00b0 Festival Nacional de M\u00fasica Popular Argentina Baradero 2023<\/strong> se realizara los d\u00edas 10, 11 y 12 de Febrero en la vecina localidad de Baradero <\/p>\n\n\n\n<p>Abel pintos cerrara la primera noche de viernes,  el d\u00eda sabado cerraran Destino San Javier y Soledad Pastorutti, y el domingo cerrara Luciano Pereyra y La konga.<\/p>\n\n\n\n<p>El costo de las entradas ser\u00e1n de el d\u00eda viernes en la Platea Central tendr\u00e1 un costo anticipada de 7500 pesos y en puerta 8000 pesos, platea lateral costara anticipada 5500 anticipada y 6000 en puerta, y la general costara anticipada 3500 pesos y 4000 en puerta.<\/p>\n\n\n\n<p>El d\u00eda sabado costara la Platea Central con un costo anticipada de 5000 pesos y en puerta 5500 pesos, platea lateral costara anticipada 3500 anticipada y 4000 en puerta, y la general costara anticipada 2500 pesos y 3000 en puerta.<\/p>\n\n\n\n<p>Por ultimo el d\u00eda Domingo tendr\u00e1 dos grandes shows y los valores de acceso ser\u00e1n de Platea Central con un costo anticipada de 8000 pesos y en puerta 8500 pesos, platea lateral costara anticipada 6000 anticipada y 6500 en puerta, y la general costara anticipada 4500 pesos y 5000 en puerta.<\/p>\n\n\n\n<p>La entradas se pondr\u00e1n a la venta a partir del pr\u00f3ximo martes en el anfiteatro de la localidad y desde el pr\u00f3ximo jueves de manera online.<\/p>\n","protected":false},"excerpt":{"rendered":"<p>Tras haber confirmado la presencia de Abel Pintos y de La Konga, en la jornada de hoy en la conferencia de prensa se sumaron estos tres grandes grupos reconocidos en el pa\u00eds entre otros grupos locales. EL 48\u00b0 Festival Nacional de M\u00fasica Popular Argentina Baradero 2023 se realizara los d\u00edas 10, 11 y 12 de [&hellip;]<\/p>\n","protected":false},"author":4,"featured_media":113703,"comment_status":"closed","ping_status":"closed","sticky":false,"template":"","format":"standard","meta":{"om_disable_all_campaigns":false,"_jetpack_memberships_contains_paid_content":false,"footnotes":""},"categories":[50,621],"tags":[197,696,33,19],"class_list":["post-113702","post","type-post","status-publish","format-standard","has-post-thumbnail","hentry","category-destacadas","category-regionales","tag-buenos-aires","tag-interes-general","tag-locales","tag-san-pedro"],"aioseo_notices":[],"gutentor_comment":0,"jetpack_featured_media_url":"https:\/\/eldiariodesanpedro.com.ar\/sitio\/wp-content\/uploads\/2023\/01\/1.png","jetpack_shortlink":"https:\/\/wp.me\/p6RhLt-tzU","jetpack_sharing_enabled":true,"_links":{"self":[{"href":"https:\/\/eldiariodesanpedro.com.ar\/sitio\/wp-json\/wp\/v2\/posts\/113702","targetHints":{"allow":["GET"]}}],"collection":[{"href":"https:\/\/eldiariodesanpedro.com.ar\/sitio\/wp-json\/wp\/v2\/posts"}],"about":[{"href":"https:\/\/eldiariodesanpedro.com.ar\/sitio\/wp-json\/wp\/v2\/types\/post"}],"author":[{"embeddable":true,"href":"https:\/\/eldiariodesanpedro.com.ar\/sitio\/wp-json\/wp\/v2\/users\/4"}],"replies":[{"embeddable":true,"href":"https:\/\/eldiariodesanpedro.com.ar\/sitio\/wp-json\/wp\/v2\/comments?post=113702"}],"version-history":[{"count":6,"href":"https:\/\/eldiariodesanpedro.com.ar\/sitio\/wp-json\/wp\/v2\/posts\/113702\/revisions"}],"predecessor-version":[{"id":113716,"href":"https:\/\/eldiariodesanpedro.com.ar\/sitio\/wp-json\/wp\/v2\/posts\/113702\/revisions\/113716"}],"wp:featuredmedia":[{"embeddable":true,"href":"https:\/\/eldiariodesanpedro.com.ar\/sitio\/wp-json\/wp\/v2\/media\/113703"}],"wp:attachment":[{"href":"https:\/\/eldiariodesanpedro.com.ar\/sitio\/wp-json\/wp\/v2\/media?parent=113702"}],"wp:term":[{"taxonomy":"category","embeddable":true,"href":"https:\/\/eldiariodesanpedro.com.ar\/sitio\/wp-json\/wp\/v2\/categories?post=113702"},{"taxonomy":"post_tag","embeddable":true,"href":"https:\/\/eldiariodesanpedro.com.ar\/sitio\/wp-json\/wp\/v2\/tags?post=113702"}],"curies":[{"name":"wp","href":"https:\/\/api.w.org\/{rel}","templated":true}]}}