{"id":113700,"date":"2023-01-04T19:47:33","date_gmt":"2023-01-04T22:47:33","guid":{"rendered":"https:\/\/eldiariodesanpedro.com.ar\/sitio\/?p=113700"},"modified":"2023-01-04T19:47:35","modified_gmt":"2023-01-04T22:47:35","slug":"las-clases-en-este-2023-terminaran-despues-de-navidad","status":"publish","type":"post","link":"https:\/\/eldiariodesanpedro.com.ar\/sitio\/las-clases-en-este-2023-terminaran-despues-de-navidad\/","title":{"rendered":"Las clases en este 2023 terminaran despu\u00e9s de navidad"},"content":{"rendered":"<!-- VideographyWP Plugin Message: Automatic video embedding prevented by plugin options. -->\n\n<p>A trav\u00e9s del bolet\u00edn oficial, la Provincia dio detalles del nuevo ciclo lectivo 2023. Las fechas claves y el objetivo de los 190 d\u00edas de clases.<\/p>\n\n\n\n<p>Bajo el lema \u201c40 a\u00f1os de Democracia\u201d, el ciclo lectivo 2023 tiene su calendario definido en la provincia de Buenos Aires.<\/p>\n\n\n\n<p>Este lunes se dieron a conocer en detalle las fechas salientes del periodo escolar que buscar\u00e1 cumplir con el objetivo de los 190 d\u00edas de clases. Como ya hab\u00eda anticipado Infocielo, el inicio el inicio de clases ser\u00e1 el mi\u00e9rcoles 1\u00b0 de marzo, en sinton\u00eda con lo resuelto por el Consejo Federal de Educaci\u00f3n y el cierre ser\u00e1 el d\u00eda 26 de diciembre.<\/p>\n\n\n\n<p>En tanto, las vacaciones de invierno se llevar\u00e1n a cabo del 17 al 28 de julio. En la Provincia de Buenos Aires se suman tiempos escolares a partir de la implementaci\u00f3n del Programa Escuelas Abiertas en Verano, en el per\u00edodo comprendido entre el 2 de enero y el 27 de enero de 2023.<\/p>\n","protected":false},"excerpt":{"rendered":"<p>A trav\u00e9s del bolet\u00edn oficial, la Provincia dio detalles del nuevo ciclo lectivo 2023. Las fechas claves y el objetivo de los 190 d\u00edas de clases. Bajo el lema \u201c40 a\u00f1os de Democracia\u201d, el ciclo lectivo 2023 tiene su calendario definido en la provincia de Buenos Aires. Este lunes se dieron a conocer en detalle [&hellip;]<\/p>\n","protected":false},"author":4,"featured_media":80021,"comment_status":"closed","ping_status":"closed","sticky":false,"template":"","format":"standard","meta":{"om_disable_all_campaigns":false,"_jetpack_memberships_contains_paid_content":false,"footnotes":""},"categories":[50,101,2],"tags":[197,696,33,19],"class_list":["post-113700","post","type-post","status-publish","format-standard","has-post-thumbnail","hentry","category-destacadas","category-interes-general-locales","category-locales","tag-buenos-aires","tag-interes-general","tag-locales","tag-san-pedro"],"aioseo_notices":[],"gutentor_comment":0,"jetpack_featured_media_url":"https:\/\/eldiariodesanpedro.com.ar\/sitio\/wp-content\/uploads\/2020\/08\/Educacion-aula-escuela-clases-Argentina-1920-6.jpg","jetpack_shortlink":"https:\/\/wp.me\/p6RhLt-tzS","jetpack_sharing_enabled":true,"_links":{"self":[{"href":"https:\/\/eldiariodesanpedro.com.ar\/sitio\/wp-json\/wp\/v2\/posts\/113700","targetHints":{"allow":["GET"]}}],"collection":[{"href":"https:\/\/eldiariodesanpedro.com.ar\/sitio\/wp-json\/wp\/v2\/posts"}],"about":[{"href":"https:\/\/eldiariodesanpedro.com.ar\/sitio\/wp-json\/wp\/v2\/types\/post"}],"author":[{"embeddable":true,"href":"https:\/\/eldiariodesanpedro.com.ar\/sitio\/wp-json\/wp\/v2\/users\/4"}],"replies":[{"embeddable":true,"href":"https:\/\/eldiariodesanpedro.com.ar\/sitio\/wp-json\/wp\/v2\/comments?post=113700"}],"version-history":[{"count":1,"href":"https:\/\/eldiariodesanpedro.com.ar\/sitio\/wp-json\/wp\/v2\/posts\/113700\/revisions"}],"predecessor-version":[{"id":113701,"href":"https:\/\/eldiariodesanpedro.com.ar\/sitio\/wp-json\/wp\/v2\/posts\/113700\/revisions\/113701"}],"wp:featuredmedia":[{"embeddable":true,"href":"https:\/\/eldiariodesanpedro.com.ar\/sitio\/wp-json\/wp\/v2\/media\/80021"}],"wp:attachment":[{"href":"https:\/\/eldiariodesanpedro.com.ar\/sitio\/wp-json\/wp\/v2\/media?parent=113700"}],"wp:term":[{"taxonomy":"category","embeddable":true,"href":"https:\/\/eldiariodesanpedro.com.ar\/sitio\/wp-json\/wp\/v2\/categories?post=113700"},{"taxonomy":"post_tag","embeddable":true,"href":"https:\/\/eldiariodesanpedro.com.ar\/sitio\/wp-json\/wp\/v2\/tags?post=113700"}],"curies":[{"name":"wp","href":"https:\/\/api.w.org\/{rel}","templated":true}]}}