{"id":113684,"date":"2023-01-04T11:18:05","date_gmt":"2023-01-04T14:18:05","guid":{"rendered":"https:\/\/eldiariodesanpedro.com.ar\/sitio\/?p=113684"},"modified":"2023-01-04T19:13:39","modified_gmt":"2023-01-04T22:13:39","slug":"asamblea-general-extraordinaria-de-sindicato-del-personal-de-industrias-quimicas-de-san-pedro","status":"publish","type":"post","link":"https:\/\/eldiariodesanpedro.com.ar\/sitio\/asamblea-general-extraordinaria-de-sindicato-del-personal-de-industrias-quimicas-de-san-pedro\/","title":{"rendered":"Asamblea General Extraordinaria de Sindicato del Personal de Industrias Qu\u00edmicas de San Pedro"},"content":{"rendered":"<!-- VideographyWP Plugin Message: Automatic video embedding prevented by plugin options. -->\n\n<p class=\"has-text-align-right\">04 de enero de 2023<\/p>\n\n\n\n<p class=\"has-text-align-center\"><strong><u>CONVOCATORIA&nbsp;<br>ASAMBLEA GENERAL EXTRAORDINARIA<\/u><\/strong><\/p>\n\n\n\n<p>Conforme a lo normado por el Estatuto Social, la Comisi\u00f3n Directiva convoca a todos los afiliados al Sindicato del Personal de Industrias Qu\u00edmicas de San Pedro, a la <strong>ASAMBLEA GENERAL EXTRAORDINARIA<\/strong>, que se llevar\u00e1 a cabo el d\u00eda 12 de enero de 2023 en el horario de 14:00hs. En la delegaci\u00f3n gremial calle Cesar D\u00edaz 1055 localidad Bel\u00e9n de Escobar, Provincia de Buenos Aires.<\/p>\n\n\n\n<p class=\"has-text-align-center\"><strong>ORDEN DEL D\u00cdA<\/strong><\/p>\n\n\n\n<ol class=\"wp-block-list\" type=\"1\"><li>Constituci\u00f3n de la Asamblea. <em>(Art.17. La asamblea se constituir\u00e1 con la presencia de la mitad m\u00e1s uno de los socios. Luego de una hora el quorum se lograr\u00e1 con los <\/em><em>afiliados presentes).<\/em><\/li><li>Apertura de la sesi\u00f3n, con la direcci\u00f3n del debate a cargo del Secretario General<em> (Art. 25)<\/em><\/li><li>Elecci\u00f3n de la Junta Electoral que tendr\u00e1 a su cargo la organizaci\u00f3n y fiscalizaci\u00f3n de los comicios de Comisi\u00f3n Directiva y Comisi\u00f3n Revisora de Cuentas.<\/li><li>Designaci\u00f3n de dos (2) afiliados presentes para firmar el Acta de resoluci\u00f3n de la Asamblea.<\/li><li>Clausura de la Asamblea<\/li><\/ol>\n\n\n\n<p><strong>GABRIEL G\u00d3MEZ &#8211; <\/strong>Secretario Gremial<br>SPIQ San Pedro<\/p>\n","protected":false},"excerpt":{"rendered":"<p>04 de enero de 2023 CONVOCATORIA&nbsp;ASAMBLEA GENERAL EXTRAORDINARIA Conforme a lo normado por el Estatuto Social, la Comisi\u00f3n Directiva convoca a todos los afiliados al Sindicato del Personal de Industrias Qu\u00edmicas de San Pedro, a la ASAMBLEA GENERAL EXTRAORDINARIA, que se llevar\u00e1 a cabo el d\u00eda 12 de enero de 2023 en el horario de [&hellip;]<\/p>\n","protected":false},"author":4,"featured_media":113685,"comment_status":"closed","ping_status":"closed","sticky":false,"template":"","format":"standard","meta":{"om_disable_all_campaigns":false,"_jetpack_memberships_contains_paid_content":false,"footnotes":""},"categories":[678,676],"tags":[197,696,33,19],"class_list":["post-113684","post","type-post","status-publish","format-standard","has-post-thumbnail","hentry","category-convocatorias","category-edictos","tag-buenos-aires","tag-interes-general","tag-locales","tag-san-pedro"],"aioseo_notices":[],"gutentor_comment":0,"jetpack_featured_media_url":"https:\/\/eldiariodesanpedro.com.ar\/sitio\/wp-content\/uploads\/2023\/01\/Sindicato-de-Quimicos-04-01-2023.jpg","jetpack_shortlink":"https:\/\/wp.me\/p6RhLt-tzC","jetpack_sharing_enabled":true,"_links":{"self":[{"href":"https:\/\/eldiariodesanpedro.com.ar\/sitio\/wp-json\/wp\/v2\/posts\/113684","targetHints":{"allow":["GET"]}}],"collection":[{"href":"https:\/\/eldiariodesanpedro.com.ar\/sitio\/wp-json\/wp\/v2\/posts"}],"about":[{"href":"https:\/\/eldiariodesanpedro.com.ar\/sitio\/wp-json\/wp\/v2\/types\/post"}],"author":[{"embeddable":true,"href":"https:\/\/eldiariodesanpedro.com.ar\/sitio\/wp-json\/wp\/v2\/users\/4"}],"replies":[{"embeddable":true,"href":"https:\/\/eldiariodesanpedro.com.ar\/sitio\/wp-json\/wp\/v2\/comments?post=113684"}],"version-history":[{"count":1,"href":"https:\/\/eldiariodesanpedro.com.ar\/sitio\/wp-json\/wp\/v2\/posts\/113684\/revisions"}],"predecessor-version":[{"id":113686,"href":"https:\/\/eldiariodesanpedro.com.ar\/sitio\/wp-json\/wp\/v2\/posts\/113684\/revisions\/113686"}],"wp:featuredmedia":[{"embeddable":true,"href":"https:\/\/eldiariodesanpedro.com.ar\/sitio\/wp-json\/wp\/v2\/media\/113685"}],"wp:attachment":[{"href":"https:\/\/eldiariodesanpedro.com.ar\/sitio\/wp-json\/wp\/v2\/media?parent=113684"}],"wp:term":[{"taxonomy":"category","embeddable":true,"href":"https:\/\/eldiariodesanpedro.com.ar\/sitio\/wp-json\/wp\/v2\/categories?post=113684"},{"taxonomy":"post_tag","embeddable":true,"href":"https:\/\/eldiariodesanpedro.com.ar\/sitio\/wp-json\/wp\/v2\/tags?post=113684"}],"curies":[{"name":"wp","href":"https:\/\/api.w.org\/{rel}","templated":true}]}}