{"id":113674,"date":"2023-01-03T20:15:32","date_gmt":"2023-01-03T23:15:32","guid":{"rendered":"https:\/\/eldiariodesanpedro.com.ar\/sitio\/?p=113674"},"modified":"2023-01-03T20:15:34","modified_gmt":"2023-01-03T23:15:34","slug":"entradas-anticipadas-para-la-23-fiesta-provincial-del-durazno-y-la-produccion-en-gobernador-castro","status":"publish","type":"post","link":"https:\/\/eldiariodesanpedro.com.ar\/sitio\/entradas-anticipadas-para-la-23-fiesta-provincial-del-durazno-y-la-produccion-en-gobernador-castro\/","title":{"rendered":"Entradas anticipadas para la 23 Fiesta Provincial del Durazno y la Producci\u00f3n en Gobernador Castro"},"content":{"rendered":"<!-- VideographyWP Plugin Message: Automatic video embedding prevented by plugin options. -->\n\n<p>Este martes 3 de enero comenz\u00f3 la venta de entradas anticipadas para la Fiesta Provincial del Durazno y la Producci\u00f3n que se realizar\u00e1 los d\u00edas 14 y 15 de enero en el campo de deportes del Club Agricultores de Gobernador Castro.<\/p>\n\n\n\n<p>Las entradas anticipadas tienen un costo de $750 por noche para adultos y para menores de 12 a\u00f1os tendr\u00e1n un valor de $200 por noche. Se pueden adquirir en la Secretar\u00eda de Turismo y Cultura ubicada en Mitre y Liniers todos los d\u00edas en el horario de 8 a 20 y en la Delegaci\u00f3n Municipal de Gobernador Castro de 8 a 14 hs.<\/p>\n\n\n\n<p>El evento contar\u00e1 con una grilla de artistas de primer nivel y los cierres de Jairo y el Toro Quevedo, adem\u00e1s se realizar\u00e1 la elecci\u00f3n del embajador y la embajadora de la fiesta y el durazno de oro de la temporada.<\/p>\n\n\n\n<figure class=\"wp-block-image size-full\"><img decoding=\"async\" width=\"630\" height=\"630\" data-attachment-id=\"113676\" data-permalink=\"https:\/\/eldiariodesanpedro.com.ar\/sitio\/entradas-anticipadas-para-la-23-fiesta-provincial-del-durazno-y-la-produccion-en-gobernador-castro\/whatsapp-image-2023-01-03-at-11-50-36\/\" data-orig-file=\"https:\/\/eldiariodesanpedro.com.ar\/sitio\/wp-content\/uploads\/2023\/01\/WhatsApp-Image-2023-01-03-at-11.50.36.jpeg\" data-orig-size=\"630,630\" data-comments-opened=\"0\" data-image-meta=\"{&quot;aperture&quot;:&quot;0&quot;,&quot;credit&quot;:&quot;&quot;,&quot;camera&quot;:&quot;&quot;,&quot;caption&quot;:&quot;&quot;,&quot;created_timestamp&quot;:&quot;0&quot;,&quot;copyright&quot;:&quot;&quot;,&quot;focal_length&quot;:&quot;0&quot;,&quot;iso&quot;:&quot;0&quot;,&quot;shutter_speed&quot;:&quot;0&quot;,&quot;title&quot;:&quot;&quot;,&quot;orientation&quot;:&quot;0&quot;}\" data-image-title=\"WhatsApp-Image-2023-01-03-at-11.50.36\" data-image-description=\"\" data-image-caption=\"\" data-large-file=\"https:\/\/eldiariodesanpedro.com.ar\/sitio\/wp-content\/uploads\/2023\/01\/WhatsApp-Image-2023-01-03-at-11.50.36.jpeg\" data-src=\"https:\/\/eldiariodesanpedro.com.ar\/sitio\/wp-content\/uploads\/2023\/01\/WhatsApp-Image-2023-01-03-at-11.50.36.jpeg\" alt=\"\" class=\"wp-image-113676 lazyload\" data-srcset=\"https:\/\/eldiariodesanpedro.com.ar\/sitio\/wp-content\/uploads\/2023\/01\/WhatsApp-Image-2023-01-03-at-11.50.36.jpeg 630w, https:\/\/eldiariodesanpedro.com.ar\/sitio\/wp-content\/uploads\/2023\/01\/WhatsApp-Image-2023-01-03-at-11.50.36-300x300.jpeg 300w, https:\/\/eldiariodesanpedro.com.ar\/sitio\/wp-content\/uploads\/2023\/01\/WhatsApp-Image-2023-01-03-at-11.50.36-150x150.jpeg 150w\" data-sizes=\"(max-width: 630px) 100vw, 630px\" src=\"data:image\/svg+xml;base64,PHN2ZyB3aWR0aD0iMSIgaGVpZ2h0PSIxIiB4bWxucz0iaHR0cDovL3d3dy53My5vcmcvMjAwMC9zdmciPjwvc3ZnPg==\" style=\"--smush-placeholder-width: 630px; --smush-placeholder-aspect-ratio: 630\/630;\" \/><\/figure>\n","protected":false},"excerpt":{"rendered":"<p>Este martes 3 de enero comenz\u00f3 la venta de entradas anticipadas para la Fiesta Provincial del Durazno y la Producci\u00f3n que se realizar\u00e1 los d\u00edas 14 y 15 de enero en el campo de deportes del Club Agricultores de Gobernador Castro. Las entradas anticipadas tienen un costo de $750 por noche para adultos y para [&hellip;]<\/p>\n","protected":false},"author":4,"featured_media":113675,"comment_status":"closed","ping_status":"closed","sticky":false,"template":"","format":"standard","meta":{"om_disable_all_campaigns":false,"_jetpack_memberships_contains_paid_content":false,"footnotes":""},"categories":[50,101,2],"tags":[197,696,33,19],"class_list":["post-113674","post","type-post","status-publish","format-standard","has-post-thumbnail","hentry","category-destacadas","category-interes-general-locales","category-locales","tag-buenos-aires","tag-interes-general","tag-locales","tag-san-pedro"],"aioseo_notices":[],"gutentor_comment":0,"jetpack_featured_media_url":"https:\/\/eldiariodesanpedro.com.ar\/sitio\/wp-content\/uploads\/2023\/01\/Fiesta-del-Durazno-2019-cierre.jpg","jetpack_shortlink":"https:\/\/wp.me\/p6RhLt-tzs","jetpack_sharing_enabled":true,"_links":{"self":[{"href":"https:\/\/eldiariodesanpedro.com.ar\/sitio\/wp-json\/wp\/v2\/posts\/113674","targetHints":{"allow":["GET"]}}],"collection":[{"href":"https:\/\/eldiariodesanpedro.com.ar\/sitio\/wp-json\/wp\/v2\/posts"}],"about":[{"href":"https:\/\/eldiariodesanpedro.com.ar\/sitio\/wp-json\/wp\/v2\/types\/post"}],"author":[{"embeddable":true,"href":"https:\/\/eldiariodesanpedro.com.ar\/sitio\/wp-json\/wp\/v2\/users\/4"}],"replies":[{"embeddable":true,"href":"https:\/\/eldiariodesanpedro.com.ar\/sitio\/wp-json\/wp\/v2\/comments?post=113674"}],"version-history":[{"count":1,"href":"https:\/\/eldiariodesanpedro.com.ar\/sitio\/wp-json\/wp\/v2\/posts\/113674\/revisions"}],"predecessor-version":[{"id":113677,"href":"https:\/\/eldiariodesanpedro.com.ar\/sitio\/wp-json\/wp\/v2\/posts\/113674\/revisions\/113677"}],"wp:featuredmedia":[{"embeddable":true,"href":"https:\/\/eldiariodesanpedro.com.ar\/sitio\/wp-json\/wp\/v2\/media\/113675"}],"wp:attachment":[{"href":"https:\/\/eldiariodesanpedro.com.ar\/sitio\/wp-json\/wp\/v2\/media?parent=113674"}],"wp:term":[{"taxonomy":"category","embeddable":true,"href":"https:\/\/eldiariodesanpedro.com.ar\/sitio\/wp-json\/wp\/v2\/categories?post=113674"},{"taxonomy":"post_tag","embeddable":true,"href":"https:\/\/eldiariodesanpedro.com.ar\/sitio\/wp-json\/wp\/v2\/tags?post=113674"}],"curies":[{"name":"wp","href":"https:\/\/api.w.org\/{rel}","templated":true}]}}