{"id":113663,"date":"2023-01-03T20:03:07","date_gmt":"2023-01-03T23:03:07","guid":{"rendered":"https:\/\/eldiariodesanpedro.com.ar\/sitio\/?p=113663"},"modified":"2023-01-03T20:03:08","modified_gmt":"2023-01-03T23:03:08","slug":"ciclo-de-charlas-sobre-nuestra-identidad-cultural","status":"publish","type":"post","link":"https:\/\/eldiariodesanpedro.com.ar\/sitio\/ciclo-de-charlas-sobre-nuestra-identidad-cultural\/","title":{"rendered":"Ciclo de charlas sobre nuestra identidad cultural"},"content":{"rendered":"<!-- VideographyWP Plugin Message: Automatic video embedding prevented by plugin options. -->\n\n<p>Organizado por el Instituto Cultural del Gobierno de la Provincia de Buenos Aires y con el acompa\u00f1amiento de la Secretar\u00eda de Turismo y Cultura de la Municipalidad de San Pedro contin\u00faa este a\u00f1o el ciclo de charlas sobre nuestra identidad cultural, con el objetivo de enriquecer el debate desde m\u00faltiples miradas, disciplinas, experiencias y voces.<\/p>\n\n\n\n<p>En esta ocasi\u00f3n, el m\u00fasico y compositor Juan Fal\u00fa conversar\u00e1 sobre \u201cM\u00fasica argentina: Identidades entre ra\u00edces y transformaci\u00f3nes\u201d el jueves 12 de enero a las 20.00 hs. en el Centro Cultural Abelardo Castillo ubicado en 25 de mayo 848 con entrada libre y gratuita.<\/p>\n\n\n\n<figure class=\"wp-block-image size-full\"><img decoding=\"async\" width=\"630\" height=\"630\" data-attachment-id=\"113664\" data-permalink=\"https:\/\/eldiariodesanpedro.com.ar\/sitio\/ciclo-de-charlas-sobre-nuestra-identidad-cultural\/whatsapp-image-2023-01-03-at-10-31-39\/\" data-orig-file=\"https:\/\/eldiariodesanpedro.com.ar\/sitio\/wp-content\/uploads\/2023\/01\/WhatsApp-Image-2023-01-03-at-10.31.39.jpeg\" data-orig-size=\"630,630\" data-comments-opened=\"0\" data-image-meta=\"{&quot;aperture&quot;:&quot;0&quot;,&quot;credit&quot;:&quot;&quot;,&quot;camera&quot;:&quot;&quot;,&quot;caption&quot;:&quot;&quot;,&quot;created_timestamp&quot;:&quot;0&quot;,&quot;copyright&quot;:&quot;&quot;,&quot;focal_length&quot;:&quot;0&quot;,&quot;iso&quot;:&quot;0&quot;,&quot;shutter_speed&quot;:&quot;0&quot;,&quot;title&quot;:&quot;&quot;,&quot;orientation&quot;:&quot;0&quot;}\" data-image-title=\"WhatsApp Image 2023-01-03 at 10.31.39\" data-image-description=\"\" data-image-caption=\"\" data-large-file=\"https:\/\/eldiariodesanpedro.com.ar\/sitio\/wp-content\/uploads\/2023\/01\/WhatsApp-Image-2023-01-03-at-10.31.39.jpeg\" data-src=\"https:\/\/eldiariodesanpedro.com.ar\/sitio\/wp-content\/uploads\/2023\/01\/WhatsApp-Image-2023-01-03-at-10.31.39.jpeg\" alt=\"\" class=\"wp-image-113664 lazyload\" data-srcset=\"https:\/\/eldiariodesanpedro.com.ar\/sitio\/wp-content\/uploads\/2023\/01\/WhatsApp-Image-2023-01-03-at-10.31.39.jpeg 630w, https:\/\/eldiariodesanpedro.com.ar\/sitio\/wp-content\/uploads\/2023\/01\/WhatsApp-Image-2023-01-03-at-10.31.39-300x300.jpeg 300w, https:\/\/eldiariodesanpedro.com.ar\/sitio\/wp-content\/uploads\/2023\/01\/WhatsApp-Image-2023-01-03-at-10.31.39-150x150.jpeg 150w\" data-sizes=\"(max-width: 630px) 100vw, 630px\" src=\"data:image\/svg+xml;base64,PHN2ZyB3aWR0aD0iMSIgaGVpZ2h0PSIxIiB4bWxucz0iaHR0cDovL3d3dy53My5vcmcvMjAwMC9zdmciPjwvc3ZnPg==\" style=\"--smush-placeholder-width: 630px; --smush-placeholder-aspect-ratio: 630\/630;\" \/><\/figure>\n","protected":false},"excerpt":{"rendered":"<p>Organizado por el Instituto Cultural del Gobierno de la Provincia de Buenos Aires y con el acompa\u00f1amiento de la Secretar\u00eda de Turismo y Cultura de la Municipalidad de San Pedro contin\u00faa este a\u00f1o el ciclo de charlas sobre nuestra identidad cultural, con el objetivo de enriquecer el debate desde m\u00faltiples miradas, disciplinas, experiencias y voces. [&hellip;]<\/p>\n","protected":false},"author":4,"featured_media":113665,"comment_status":"closed","ping_status":"closed","sticky":false,"template":"","format":"standard","meta":{"om_disable_all_campaigns":false,"_jetpack_memberships_contains_paid_content":false,"footnotes":""},"categories":[50,101,2],"tags":[197,696,33,19],"class_list":["post-113663","post","type-post","status-publish","format-standard","has-post-thumbnail","hentry","category-destacadas","category-interes-general-locales","category-locales","tag-buenos-aires","tag-interes-general","tag-locales","tag-san-pedro"],"aioseo_notices":[],"gutentor_comment":0,"jetpack_featured_media_url":"https:\/\/eldiariodesanpedro.com.ar\/sitio\/wp-content\/uploads\/2023\/01\/centro_cultural.jpg","jetpack_shortlink":"https:\/\/wp.me\/p6RhLt-tzh","jetpack_sharing_enabled":true,"_links":{"self":[{"href":"https:\/\/eldiariodesanpedro.com.ar\/sitio\/wp-json\/wp\/v2\/posts\/113663","targetHints":{"allow":["GET"]}}],"collection":[{"href":"https:\/\/eldiariodesanpedro.com.ar\/sitio\/wp-json\/wp\/v2\/posts"}],"about":[{"href":"https:\/\/eldiariodesanpedro.com.ar\/sitio\/wp-json\/wp\/v2\/types\/post"}],"author":[{"embeddable":true,"href":"https:\/\/eldiariodesanpedro.com.ar\/sitio\/wp-json\/wp\/v2\/users\/4"}],"replies":[{"embeddable":true,"href":"https:\/\/eldiariodesanpedro.com.ar\/sitio\/wp-json\/wp\/v2\/comments?post=113663"}],"version-history":[{"count":1,"href":"https:\/\/eldiariodesanpedro.com.ar\/sitio\/wp-json\/wp\/v2\/posts\/113663\/revisions"}],"predecessor-version":[{"id":113666,"href":"https:\/\/eldiariodesanpedro.com.ar\/sitio\/wp-json\/wp\/v2\/posts\/113663\/revisions\/113666"}],"wp:featuredmedia":[{"embeddable":true,"href":"https:\/\/eldiariodesanpedro.com.ar\/sitio\/wp-json\/wp\/v2\/media\/113665"}],"wp:attachment":[{"href":"https:\/\/eldiariodesanpedro.com.ar\/sitio\/wp-json\/wp\/v2\/media?parent=113663"}],"wp:term":[{"taxonomy":"category","embeddable":true,"href":"https:\/\/eldiariodesanpedro.com.ar\/sitio\/wp-json\/wp\/v2\/categories?post=113663"},{"taxonomy":"post_tag","embeddable":true,"href":"https:\/\/eldiariodesanpedro.com.ar\/sitio\/wp-json\/wp\/v2\/tags?post=113663"}],"curies":[{"name":"wp","href":"https:\/\/api.w.org\/{rel}","templated":true}]}}