{"id":113661,"date":"2023-01-03T19:50:59","date_gmt":"2023-01-03T22:50:59","guid":{"rendered":"https:\/\/eldiariodesanpedro.com.ar\/sitio\/?p=113661"},"modified":"2023-01-03T19:51:01","modified_gmt":"2023-01-03T22:51:01","slug":"se-realizara-una-vacunacion-para-el-personal-de-salud-este-jueves-y-viernes","status":"publish","type":"post","link":"https:\/\/eldiariodesanpedro.com.ar\/sitio\/se-realizara-una-vacunacion-para-el-personal-de-salud-este-jueves-y-viernes\/","title":{"rendered":"Se realizara una vacunaci\u00f3n para el personal de salud este jueves y viernes"},"content":{"rendered":"<!-- VideographyWP Plugin Message: Automatic video embedding prevented by plugin options. -->\n\n<p>La Secretar\u00eda de Salud de la Municipalidad de San Pedro informa que se llevar\u00e1n a cabo en el Hospital Municipal Dr. Emilio Ruffa dos jornadas de vacunaci\u00f3n para la aplicaci\u00f3n de dosis de refuerzo de la vacuna contra el Covid-19 al personal de salud los d\u00edas jueves 5 y viernes 6 de enero en el horario de 8 a 12.<\/p>\n","protected":false},"excerpt":{"rendered":"<p>La Secretar\u00eda de Salud de la Municipalidad de San Pedro informa que se llevar\u00e1n a cabo en el Hospital Municipal Dr. Emilio Ruffa dos jornadas de vacunaci\u00f3n para la aplicaci\u00f3n de dosis de refuerzo de la vacuna contra el Covid-19 al personal de salud los d\u00edas jueves 5 y viernes 6 de enero en el [&hellip;]<\/p>\n","protected":false},"author":4,"featured_media":105116,"comment_status":"closed","ping_status":"closed","sticky":false,"template":"","format":"standard","meta":{"om_disable_all_campaigns":false,"_jetpack_memberships_contains_paid_content":false,"footnotes":""},"categories":[50,101,2],"tags":[197,696,33,19],"class_list":["post-113661","post","type-post","status-publish","format-standard","has-post-thumbnail","hentry","category-destacadas","category-interes-general-locales","category-locales","tag-buenos-aires","tag-interes-general","tag-locales","tag-san-pedro"],"aioseo_notices":[],"gutentor_comment":0,"jetpack_featured_media_url":"https:\/\/eldiariodesanpedro.com.ar\/sitio\/wp-content\/uploads\/2022\/03\/vacunate.jpeg","jetpack_shortlink":"https:\/\/wp.me\/p6RhLt-tzf","jetpack_sharing_enabled":true,"_links":{"self":[{"href":"https:\/\/eldiariodesanpedro.com.ar\/sitio\/wp-json\/wp\/v2\/posts\/113661","targetHints":{"allow":["GET"]}}],"collection":[{"href":"https:\/\/eldiariodesanpedro.com.ar\/sitio\/wp-json\/wp\/v2\/posts"}],"about":[{"href":"https:\/\/eldiariodesanpedro.com.ar\/sitio\/wp-json\/wp\/v2\/types\/post"}],"author":[{"embeddable":true,"href":"https:\/\/eldiariodesanpedro.com.ar\/sitio\/wp-json\/wp\/v2\/users\/4"}],"replies":[{"embeddable":true,"href":"https:\/\/eldiariodesanpedro.com.ar\/sitio\/wp-json\/wp\/v2\/comments?post=113661"}],"version-history":[{"count":1,"href":"https:\/\/eldiariodesanpedro.com.ar\/sitio\/wp-json\/wp\/v2\/posts\/113661\/revisions"}],"predecessor-version":[{"id":113662,"href":"https:\/\/eldiariodesanpedro.com.ar\/sitio\/wp-json\/wp\/v2\/posts\/113661\/revisions\/113662"}],"wp:featuredmedia":[{"embeddable":true,"href":"https:\/\/eldiariodesanpedro.com.ar\/sitio\/wp-json\/wp\/v2\/media\/105116"}],"wp:attachment":[{"href":"https:\/\/eldiariodesanpedro.com.ar\/sitio\/wp-json\/wp\/v2\/media?parent=113661"}],"wp:term":[{"taxonomy":"category","embeddable":true,"href":"https:\/\/eldiariodesanpedro.com.ar\/sitio\/wp-json\/wp\/v2\/categories?post=113661"},{"taxonomy":"post_tag","embeddable":true,"href":"https:\/\/eldiariodesanpedro.com.ar\/sitio\/wp-json\/wp\/v2\/tags?post=113661"}],"curies":[{"name":"wp","href":"https:\/\/api.w.org\/{rel}","templated":true}]}}