{"id":113657,"date":"2023-01-03T19:43:38","date_gmt":"2023-01-03T22:43:38","guid":{"rendered":"https:\/\/eldiariodesanpedro.com.ar\/sitio\/?p=113657"},"modified":"2023-01-03T19:43:40","modified_gmt":"2023-01-03T22:43:40","slug":"talentos-de-san-pedro-en-el-centro-cultural-abelardo-castillo-con-rodrigo-lussich","status":"publish","type":"post","link":"https:\/\/eldiariodesanpedro.com.ar\/sitio\/talentos-de-san-pedro-en-el-centro-cultural-abelardo-castillo-con-rodrigo-lussich\/","title":{"rendered":"Talentos de San Pedro en el Centro Cultural Abelardo Castillo con Rodrigo Lussich"},"content":{"rendered":"<!-- VideographyWP Plugin Message: Automatic video embedding prevented by plugin options. -->\n\n<p>Este s\u00e1bado 7 de enero desde las 22.30 hs. se llevar\u00e1 a cabo el debut de la obra \u201cTalentos de San Pedro\u201d con la conducci\u00f3n de Rodrigo Lussich.<\/p>\n\n\n\n<p>El espect\u00e1culo que se realiza por tercer a\u00f1o consecutivo se presentar\u00e1 todos los s\u00e1bados de enero y febrero en el Centro Cultural Abelardo Castillo, ubicado en 25 de mayo 848. El costo de la entrada es de $500 y se pueden adquirir en la boleter\u00eda del lugar el d\u00eda del estreno desde las 8 de la ma\u00f1ana.<\/p>\n\n\n\n<p>Quienes hayan adquirido la entrada del espect\u00e1culo \u201cCosas que no se deben decir\u201d que se presenta previamente en el Centro Cultural, podr\u00e1n ingresar a la funci\u00f3n de \u201cTalentos de San Pedro\u201d con la misma entrada.<\/p>\n\n\n\n<figure class=\"wp-block-image size-full\"><img decoding=\"async\" width=\"445\" height=\"630\" data-attachment-id=\"113659\" data-permalink=\"https:\/\/eldiariodesanpedro.com.ar\/sitio\/talentos-de-san-pedro-en-el-centro-cultural-abelardo-castillo-con-rodrigo-lussich\/whatsapp-image-2023-01-02-at-12-25-53\/\" data-orig-file=\"https:\/\/eldiariodesanpedro.com.ar\/sitio\/wp-content\/uploads\/2023\/01\/WhatsApp-Image-2023-01-02-at-12.25.53.jpeg\" data-orig-size=\"445,630\" data-comments-opened=\"0\" data-image-meta=\"{&quot;aperture&quot;:&quot;0&quot;,&quot;credit&quot;:&quot;&quot;,&quot;camera&quot;:&quot;&quot;,&quot;caption&quot;:&quot;&quot;,&quot;created_timestamp&quot;:&quot;0&quot;,&quot;copyright&quot;:&quot;&quot;,&quot;focal_length&quot;:&quot;0&quot;,&quot;iso&quot;:&quot;0&quot;,&quot;shutter_speed&quot;:&quot;0&quot;,&quot;title&quot;:&quot;&quot;,&quot;orientation&quot;:&quot;0&quot;}\" data-image-title=\"WhatsApp-Image-2023-01-02-at-12.25.53\" data-image-description=\"\" data-image-caption=\"\" data-large-file=\"https:\/\/eldiariodesanpedro.com.ar\/sitio\/wp-content\/uploads\/2023\/01\/WhatsApp-Image-2023-01-02-at-12.25.53.jpeg\" data-src=\"https:\/\/eldiariodesanpedro.com.ar\/sitio\/wp-content\/uploads\/2023\/01\/WhatsApp-Image-2023-01-02-at-12.25.53.jpeg\" alt=\"\" class=\"wp-image-113659 lazyload\" data-srcset=\"https:\/\/eldiariodesanpedro.com.ar\/sitio\/wp-content\/uploads\/2023\/01\/WhatsApp-Image-2023-01-02-at-12.25.53.jpeg 445w, https:\/\/eldiariodesanpedro.com.ar\/sitio\/wp-content\/uploads\/2023\/01\/WhatsApp-Image-2023-01-02-at-12.25.53-212x300.jpeg 212w\" data-sizes=\"(max-width: 445px) 100vw, 445px\" src=\"data:image\/svg+xml;base64,PHN2ZyB3aWR0aD0iMSIgaGVpZ2h0PSIxIiB4bWxucz0iaHR0cDovL3d3dy53My5vcmcvMjAwMC9zdmciPjwvc3ZnPg==\" style=\"--smush-placeholder-width: 445px; --smush-placeholder-aspect-ratio: 445\/630;\" \/><\/figure>\n","protected":false},"excerpt":{"rendered":"<p>Este s\u00e1bado 7 de enero desde las 22.30 hs. se llevar\u00e1 a cabo el debut de la obra \u201cTalentos de San Pedro\u201d con la conducci\u00f3n de Rodrigo Lussich. El espect\u00e1culo que se realiza por tercer a\u00f1o consecutivo se presentar\u00e1 todos los s\u00e1bados de enero y febrero en el Centro Cultural Abelardo Castillo, ubicado en 25 [&hellip;]<\/p>\n","protected":false},"author":4,"featured_media":113658,"comment_status":"closed","ping_status":"closed","sticky":false,"template":"","format":"standard","meta":{"om_disable_all_campaigns":false,"_jetpack_memberships_contains_paid_content":false,"footnotes":""},"categories":[50,101,2],"tags":[197,696,33,19],"class_list":["post-113657","post","type-post","status-publish","format-standard","has-post-thumbnail","hentry","category-destacadas","category-interes-general-locales","category-locales","tag-buenos-aires","tag-interes-general","tag-locales","tag-san-pedro"],"aioseo_notices":[],"gutentor_comment":0,"jetpack_featured_media_url":"https:\/\/eldiariodesanpedro.com.ar\/sitio\/wp-content\/uploads\/2023\/01\/Rodrigo-Lussich-3.jpg","jetpack_shortlink":"https:\/\/wp.me\/p6RhLt-tzb","jetpack_sharing_enabled":true,"_links":{"self":[{"href":"https:\/\/eldiariodesanpedro.com.ar\/sitio\/wp-json\/wp\/v2\/posts\/113657","targetHints":{"allow":["GET"]}}],"collection":[{"href":"https:\/\/eldiariodesanpedro.com.ar\/sitio\/wp-json\/wp\/v2\/posts"}],"about":[{"href":"https:\/\/eldiariodesanpedro.com.ar\/sitio\/wp-json\/wp\/v2\/types\/post"}],"author":[{"embeddable":true,"href":"https:\/\/eldiariodesanpedro.com.ar\/sitio\/wp-json\/wp\/v2\/users\/4"}],"replies":[{"embeddable":true,"href":"https:\/\/eldiariodesanpedro.com.ar\/sitio\/wp-json\/wp\/v2\/comments?post=113657"}],"version-history":[{"count":1,"href":"https:\/\/eldiariodesanpedro.com.ar\/sitio\/wp-json\/wp\/v2\/posts\/113657\/revisions"}],"predecessor-version":[{"id":113660,"href":"https:\/\/eldiariodesanpedro.com.ar\/sitio\/wp-json\/wp\/v2\/posts\/113657\/revisions\/113660"}],"wp:featuredmedia":[{"embeddable":true,"href":"https:\/\/eldiariodesanpedro.com.ar\/sitio\/wp-json\/wp\/v2\/media\/113658"}],"wp:attachment":[{"href":"https:\/\/eldiariodesanpedro.com.ar\/sitio\/wp-json\/wp\/v2\/media?parent=113657"}],"wp:term":[{"taxonomy":"category","embeddable":true,"href":"https:\/\/eldiariodesanpedro.com.ar\/sitio\/wp-json\/wp\/v2\/categories?post=113657"},{"taxonomy":"post_tag","embeddable":true,"href":"https:\/\/eldiariodesanpedro.com.ar\/sitio\/wp-json\/wp\/v2\/tags?post=113657"}],"curies":[{"name":"wp","href":"https:\/\/api.w.org\/{rel}","templated":true}]}}