{"id":113653,"date":"2023-01-03T19:24:46","date_gmt":"2023-01-03T22:24:46","guid":{"rendered":"https:\/\/eldiariodesanpedro.com.ar\/sitio\/?p=113653"},"modified":"2023-01-03T19:24:48","modified_gmt":"2023-01-03T22:24:48","slug":"anita-martinez-llega-a-nuestra-ciudad-con-el-espectaculo-cosas-que-no-se-deben-decir","status":"publish","type":"post","link":"https:\/\/eldiariodesanpedro.com.ar\/sitio\/anita-martinez-llega-a-nuestra-ciudad-con-el-espectaculo-cosas-que-no-se-deben-decir\/","title":{"rendered":"Anita Mart\u00ednez llega a nuestra ciudad con el espect\u00e1culo \u201cCosas que no se deben decir\u201d"},"content":{"rendered":"<!-- VideographyWP Plugin Message: Automatic video embedding prevented by plugin options. -->\n\n<p>Consolidando por tercer a\u00f1o consecutivo la plaza teatral de San Pedro, todos los s\u00e1bados de enero y febrero a las 21.00 hs. se presentar\u00e1 en el Centro Cultural Abelardo Castillo, ubicado en 25 de mayo 848, \u201cCosas que no se deben decir\u201d, un monologo protagonizado por la actriz y comediante Anita Mart\u00ednez que contar\u00e1 con la participaci\u00f3n sorpresa de artistas sampedrinos.<\/p>\n\n\n\n<p>El costo de la entrada es de $1000 y se puede adquirir en la boleter\u00eda del Centro Cultural el d\u00eda del estreno a partir de las 8 de la ma\u00f1ana. La entrada adquirida para este espect\u00e1culo permite el ingreso a la funci\u00f3n de \u201cTalentos de San Pedro\u201d que sigue a continuaci\u00f3n.<\/p>\n\n\n\n<figure class=\"wp-block-image size-full\"><img decoding=\"async\" width=\"445\" height=\"630\" data-attachment-id=\"113655\" data-permalink=\"https:\/\/eldiariodesanpedro.com.ar\/sitio\/anita-martinez-llega-a-nuestra-ciudad-con-el-espectaculo-cosas-que-no-se-deben-decir\/whatsapp-image-2023-01-02-at-12-18-36\/\" data-orig-file=\"https:\/\/eldiariodesanpedro.com.ar\/sitio\/wp-content\/uploads\/2023\/01\/WhatsApp-Image-2023-01-02-at-12.18.36.jpeg\" data-orig-size=\"445,630\" data-comments-opened=\"0\" data-image-meta=\"{&quot;aperture&quot;:&quot;0&quot;,&quot;credit&quot;:&quot;&quot;,&quot;camera&quot;:&quot;&quot;,&quot;caption&quot;:&quot;&quot;,&quot;created_timestamp&quot;:&quot;0&quot;,&quot;copyright&quot;:&quot;&quot;,&quot;focal_length&quot;:&quot;0&quot;,&quot;iso&quot;:&quot;0&quot;,&quot;shutter_speed&quot;:&quot;0&quot;,&quot;title&quot;:&quot;&quot;,&quot;orientation&quot;:&quot;0&quot;}\" data-image-title=\"WhatsApp-Image-2023-01-02-at-12.18.36\" data-image-description=\"\" data-image-caption=\"\" data-large-file=\"https:\/\/eldiariodesanpedro.com.ar\/sitio\/wp-content\/uploads\/2023\/01\/WhatsApp-Image-2023-01-02-at-12.18.36.jpeg\" data-src=\"https:\/\/eldiariodesanpedro.com.ar\/sitio\/wp-content\/uploads\/2023\/01\/WhatsApp-Image-2023-01-02-at-12.18.36.jpeg\" alt=\"\" class=\"wp-image-113655 lazyload\" data-srcset=\"https:\/\/eldiariodesanpedro.com.ar\/sitio\/wp-content\/uploads\/2023\/01\/WhatsApp-Image-2023-01-02-at-12.18.36.jpeg 445w, https:\/\/eldiariodesanpedro.com.ar\/sitio\/wp-content\/uploads\/2023\/01\/WhatsApp-Image-2023-01-02-at-12.18.36-212x300.jpeg 212w\" data-sizes=\"(max-width: 445px) 100vw, 445px\" src=\"data:image\/svg+xml;base64,PHN2ZyB3aWR0aD0iMSIgaGVpZ2h0PSIxIiB4bWxucz0iaHR0cDovL3d3dy53My5vcmcvMjAwMC9zdmciPjwvc3ZnPg==\" style=\"--smush-placeholder-width: 445px; --smush-placeholder-aspect-ratio: 445\/630;\" \/><\/figure>\n","protected":false},"excerpt":{"rendered":"<p>Consolidando por tercer a\u00f1o consecutivo la plaza teatral de San Pedro, todos los s\u00e1bados de enero y febrero a las 21.00 hs. se presentar\u00e1 en el Centro Cultural Abelardo Castillo, ubicado en 25 de mayo 848, \u201cCosas que no se deben decir\u201d, un monologo protagonizado por la actriz y comediante Anita Mart\u00ednez que contar\u00e1 con [&hellip;]<\/p>\n","protected":false},"author":4,"featured_media":113654,"comment_status":"closed","ping_status":"closed","sticky":false,"template":"","format":"standard","meta":{"om_disable_all_campaigns":false,"_jetpack_memberships_contains_paid_content":false,"footnotes":""},"categories":[50,101,2],"tags":[197,696,33,19],"class_list":["post-113653","post","type-post","status-publish","format-standard","has-post-thumbnail","hentry","category-destacadas","category-interes-general-locales","category-locales","tag-buenos-aires","tag-interes-general","tag-locales","tag-san-pedro"],"aioseo_notices":[],"gutentor_comment":0,"jetpack_featured_media_url":"https:\/\/eldiariodesanpedro.com.ar\/sitio\/wp-content\/uploads\/2023\/01\/anita-martinez.jpg","jetpack_shortlink":"https:\/\/wp.me\/p6RhLt-tz7","jetpack_sharing_enabled":true,"_links":{"self":[{"href":"https:\/\/eldiariodesanpedro.com.ar\/sitio\/wp-json\/wp\/v2\/posts\/113653","targetHints":{"allow":["GET"]}}],"collection":[{"href":"https:\/\/eldiariodesanpedro.com.ar\/sitio\/wp-json\/wp\/v2\/posts"}],"about":[{"href":"https:\/\/eldiariodesanpedro.com.ar\/sitio\/wp-json\/wp\/v2\/types\/post"}],"author":[{"embeddable":true,"href":"https:\/\/eldiariodesanpedro.com.ar\/sitio\/wp-json\/wp\/v2\/users\/4"}],"replies":[{"embeddable":true,"href":"https:\/\/eldiariodesanpedro.com.ar\/sitio\/wp-json\/wp\/v2\/comments?post=113653"}],"version-history":[{"count":1,"href":"https:\/\/eldiariodesanpedro.com.ar\/sitio\/wp-json\/wp\/v2\/posts\/113653\/revisions"}],"predecessor-version":[{"id":113656,"href":"https:\/\/eldiariodesanpedro.com.ar\/sitio\/wp-json\/wp\/v2\/posts\/113653\/revisions\/113656"}],"wp:featuredmedia":[{"embeddable":true,"href":"https:\/\/eldiariodesanpedro.com.ar\/sitio\/wp-json\/wp\/v2\/media\/113654"}],"wp:attachment":[{"href":"https:\/\/eldiariodesanpedro.com.ar\/sitio\/wp-json\/wp\/v2\/media?parent=113653"}],"wp:term":[{"taxonomy":"category","embeddable":true,"href":"https:\/\/eldiariodesanpedro.com.ar\/sitio\/wp-json\/wp\/v2\/categories?post=113653"},{"taxonomy":"post_tag","embeddable":true,"href":"https:\/\/eldiariodesanpedro.com.ar\/sitio\/wp-json\/wp\/v2\/tags?post=113653"}],"curies":[{"name":"wp","href":"https:\/\/api.w.org\/{rel}","templated":true}]}}