{"id":113644,"date":"2023-01-03T13:43:19","date_gmt":"2023-01-03T16:43:19","guid":{"rendered":"https:\/\/eldiariodesanpedro.com.ar\/sitio\/?p=113644"},"modified":"2023-01-03T13:43:22","modified_gmt":"2023-01-03T16:43:22","slug":"baradero-la-presencia-de-abel-pintos-ya-es-un-hecho","status":"publish","type":"post","link":"https:\/\/eldiariodesanpedro.com.ar\/sitio\/baradero-la-presencia-de-abel-pintos-ya-es-un-hecho\/","title":{"rendered":"BARADERO | \u201cLa presencia de Abel Pintos ya es un hecho\u201d"},"content":{"rendered":"<!-- VideographyWP Plugin Message: Automatic video embedding prevented by plugin options. -->\n\n<p>Lo dijo en exclusivo \u00a0la Secretaria de Cultura, Turismo, Educaci\u00f3n y Deporte del Municipio de Baradero en relaci\u00f3n a uno de los artistas ya confirmado para el Festival de M\u00fasica Popular Baradero 2023.<\/p>\n\n\n\n<p>\u201cEl resto de los artistas vamos a confirmarlos de manera oficial el pr\u00f3ximo Jueves en la presentaci\u00f3n\u201d, sostuvo Silvana Iozzia.<\/p>\n\n\n\n<p><a><\/a>\u201cVamos a invitar al p\u00fablico en general adem\u00e1s de los medios de comunicaci\u00f3n para entregarles la carpeta con toda la informaci\u00f3n. La presentaci\u00f3n va a estar presidida por el Intendente Esteban Sanzio\u201d, agreg\u00f3 la responsable de Cultura.<\/p>\n\n\n\n<p>La presentaci\u00f3n oficial del Festival de Danzas, Pre Festival y el Festival de M\u00fasica Popular se realizar\u00e1 el pr\u00f3ximo Jueves 5 de Enero a las 11 horas.<\/p>\n\n\n\n<p>Fuente: <a href=\"https:\/\/tulineadirecta.com\/la-presencia-de-abel-pintos-ya-es-un-hecho\/\">Tu Linea Directa<\/a><\/p>\n","protected":false},"excerpt":{"rendered":"<p>Lo dijo en exclusivo \u00a0la Secretaria de Cultura, Turismo, Educaci\u00f3n y Deporte del Municipio de Baradero en relaci\u00f3n a uno de los artistas ya confirmado para el Festival de M\u00fasica Popular Baradero 2023. \u201cEl resto de los artistas vamos a confirmarlos de manera oficial el pr\u00f3ximo Jueves en la presentaci\u00f3n\u201d, sostuvo Silvana Iozzia. \u201cVamos a [&hellip;]<\/p>\n","protected":false},"author":4,"featured_media":113645,"comment_status":"closed","ping_status":"closed","sticky":false,"template":"","format":"standard","meta":{"om_disable_all_campaigns":false,"_jetpack_memberships_contains_paid_content":false,"footnotes":""},"categories":[621],"tags":[197,696,33,19],"class_list":["post-113644","post","type-post","status-publish","format-standard","has-post-thumbnail","hentry","category-regionales","tag-buenos-aires","tag-interes-general","tag-locales","tag-san-pedro"],"aioseo_notices":[],"gutentor_comment":0,"jetpack_featured_media_url":"https:\/\/eldiariodesanpedro.com.ar\/sitio\/wp-content\/uploads\/2023\/01\/323346347_571351257738001_3423341430365771073_n.jpg","jetpack_shortlink":"https:\/\/wp.me\/p6RhLt-tyY","jetpack_sharing_enabled":true,"_links":{"self":[{"href":"https:\/\/eldiariodesanpedro.com.ar\/sitio\/wp-json\/wp\/v2\/posts\/113644","targetHints":{"allow":["GET"]}}],"collection":[{"href":"https:\/\/eldiariodesanpedro.com.ar\/sitio\/wp-json\/wp\/v2\/posts"}],"about":[{"href":"https:\/\/eldiariodesanpedro.com.ar\/sitio\/wp-json\/wp\/v2\/types\/post"}],"author":[{"embeddable":true,"href":"https:\/\/eldiariodesanpedro.com.ar\/sitio\/wp-json\/wp\/v2\/users\/4"}],"replies":[{"embeddable":true,"href":"https:\/\/eldiariodesanpedro.com.ar\/sitio\/wp-json\/wp\/v2\/comments?post=113644"}],"version-history":[{"count":1,"href":"https:\/\/eldiariodesanpedro.com.ar\/sitio\/wp-json\/wp\/v2\/posts\/113644\/revisions"}],"predecessor-version":[{"id":113646,"href":"https:\/\/eldiariodesanpedro.com.ar\/sitio\/wp-json\/wp\/v2\/posts\/113644\/revisions\/113646"}],"wp:featuredmedia":[{"embeddable":true,"href":"https:\/\/eldiariodesanpedro.com.ar\/sitio\/wp-json\/wp\/v2\/media\/113645"}],"wp:attachment":[{"href":"https:\/\/eldiariodesanpedro.com.ar\/sitio\/wp-json\/wp\/v2\/media?parent=113644"}],"wp:term":[{"taxonomy":"category","embeddable":true,"href":"https:\/\/eldiariodesanpedro.com.ar\/sitio\/wp-json\/wp\/v2\/categories?post=113644"},{"taxonomy":"post_tag","embeddable":true,"href":"https:\/\/eldiariodesanpedro.com.ar\/sitio\/wp-json\/wp\/v2\/tags?post=113644"}],"curies":[{"name":"wp","href":"https:\/\/api.w.org\/{rel}","templated":true}]}}