{"id":113641,"date":"2023-01-03T12:56:17","date_gmt":"2023-01-03T15:56:17","guid":{"rendered":"https:\/\/eldiariodesanpedro.com.ar\/sitio\/?p=113641"},"modified":"2023-01-03T12:56:19","modified_gmt":"2023-01-03T15:56:19","slug":"baradero-la-konga-otro-de-los-artistas-confirmados-para-el-festival-de-musica-popular-2023","status":"publish","type":"post","link":"https:\/\/eldiariodesanpedro.com.ar\/sitio\/baradero-la-konga-otro-de-los-artistas-confirmados-para-el-festival-de-musica-popular-2023\/","title":{"rendered":"BARADERO | La Konga, otro de los artistas confirmados para el Festival de M\u00fasica Popular 2023"},"content":{"rendered":"<!-- VideographyWP Plugin Message: Automatic video embedding prevented by plugin options. -->\n\n<p><a href=\"https:\/\/tulineadirecta.com\/author\/tulineadirecta1\/\"><\/a>El grupo cuartetero formar\u00e1 parte de la 48\u00ba edici\u00f3n del Festival de M\u00fasica Popular Argentina Baradero 2023.<\/p>\n\n\n\n<p>Esta ma\u00f1ana, y por la secretaria de Cultura Silvana Iozzia; dijo que \u201cla grilla se va a dar a conocer de manera oficial el pr\u00f3ximo jueves 5 de enero en una conferencia de prensa\u201d.<\/p>\n\n\n\n<p><a><\/a>Iozzia explic\u00f3 que \u201cse est\u00e1 trabajando para lograr un festival con una amplia y variada grilla\u201d.<\/p>\n\n\n\n<p>Si bien no quiso confirmar el nombre, dej\u00f3 entrever que La Konga va a ser parte de la grilla de este a\u00f1o.<\/p>\n\n\n\n<p>Fuente: <a href=\"https:\/\/tulineadirecta.com\/la-konga-otro-de-los-artistas-confirmados-para-el-festival-de-musica-popular-2023\/\">Tu Radio Baradero<\/a><\/p>\n","protected":false},"excerpt":{"rendered":"<p>El grupo cuartetero formar\u00e1 parte de la 48\u00ba edici\u00f3n del Festival de M\u00fasica Popular Argentina Baradero 2023. Esta ma\u00f1ana, y por la secretaria de Cultura Silvana Iozzia; dijo que \u201cla grilla se va a dar a conocer de manera oficial el pr\u00f3ximo jueves 5 de enero en una conferencia de prensa\u201d. Iozzia explic\u00f3 que \u201cse [&hellip;]<\/p>\n","protected":false},"author":4,"featured_media":113642,"comment_status":"closed","ping_status":"closed","sticky":false,"template":"","format":"standard","meta":{"om_disable_all_campaigns":false,"_jetpack_memberships_contains_paid_content":false,"footnotes":""},"categories":[621],"tags":[197,696,33,19],"class_list":["post-113641","post","type-post","status-publish","format-standard","has-post-thumbnail","hentry","category-regionales","tag-buenos-aires","tag-interes-general","tag-locales","tag-san-pedro"],"aioseo_notices":[],"gutentor_comment":0,"jetpack_featured_media_url":"https:\/\/eldiariodesanpedro.com.ar\/sitio\/wp-content\/uploads\/2023\/01\/La-konga.jpg","jetpack_shortlink":"https:\/\/wp.me\/p6RhLt-tyV","jetpack_sharing_enabled":true,"_links":{"self":[{"href":"https:\/\/eldiariodesanpedro.com.ar\/sitio\/wp-json\/wp\/v2\/posts\/113641","targetHints":{"allow":["GET"]}}],"collection":[{"href":"https:\/\/eldiariodesanpedro.com.ar\/sitio\/wp-json\/wp\/v2\/posts"}],"about":[{"href":"https:\/\/eldiariodesanpedro.com.ar\/sitio\/wp-json\/wp\/v2\/types\/post"}],"author":[{"embeddable":true,"href":"https:\/\/eldiariodesanpedro.com.ar\/sitio\/wp-json\/wp\/v2\/users\/4"}],"replies":[{"embeddable":true,"href":"https:\/\/eldiariodesanpedro.com.ar\/sitio\/wp-json\/wp\/v2\/comments?post=113641"}],"version-history":[{"count":1,"href":"https:\/\/eldiariodesanpedro.com.ar\/sitio\/wp-json\/wp\/v2\/posts\/113641\/revisions"}],"predecessor-version":[{"id":113643,"href":"https:\/\/eldiariodesanpedro.com.ar\/sitio\/wp-json\/wp\/v2\/posts\/113641\/revisions\/113643"}],"wp:featuredmedia":[{"embeddable":true,"href":"https:\/\/eldiariodesanpedro.com.ar\/sitio\/wp-json\/wp\/v2\/media\/113642"}],"wp:attachment":[{"href":"https:\/\/eldiariodesanpedro.com.ar\/sitio\/wp-json\/wp\/v2\/media?parent=113641"}],"wp:term":[{"taxonomy":"category","embeddable":true,"href":"https:\/\/eldiariodesanpedro.com.ar\/sitio\/wp-json\/wp\/v2\/categories?post=113641"},{"taxonomy":"post_tag","embeddable":true,"href":"https:\/\/eldiariodesanpedro.com.ar\/sitio\/wp-json\/wp\/v2\/tags?post=113641"}],"curies":[{"name":"wp","href":"https:\/\/api.w.org\/{rel}","templated":true}]}}