{"id":113638,"date":"2023-01-03T12:48:37","date_gmt":"2023-01-03T15:48:37","guid":{"rendered":"https:\/\/eldiariodesanpedro.com.ar\/sitio\/?p=113638"},"modified":"2023-01-03T12:48:39","modified_gmt":"2023-01-03T15:48:39","slug":"llega-un-espectaculo-de-revista-al-teatro-municipal-siripo","status":"publish","type":"post","link":"https:\/\/eldiariodesanpedro.com.ar\/sitio\/llega-un-espectaculo-de-revista-al-teatro-municipal-siripo\/","title":{"rendered":"Llega un espect\u00e1culo de revista al Teatro Municipal Siripo"},"content":{"rendered":"<!-- VideographyWP Plugin Message: Automatic video embedding prevented by plugin options. -->\n\n<p>Con un elenco integrado en su totalidad por artistas sampedrinos, llega la obra \u201cLa Revista est\u00e1 en el Siripo\u201d. Un show con todos los condimentos de un espect\u00e1culo de revista que se podr\u00e1 disfrutar todos los viernes y domingos de enero y febrero a las 21.30 hs. El costo de la entrada es de $1000 y se pueden adquirir en la boletar\u00eda del teatro ubicado en Salta y Oliveira Cezar o a trav\u00e9s del tel\u00e9fono 3329-627693.<\/p>\n","protected":false},"excerpt":{"rendered":"<p>Con un elenco integrado en su totalidad por artistas sampedrinos, llega la obra \u201cLa Revista est\u00e1 en el Siripo\u201d. Un show con todos los condimentos de un espect\u00e1culo de revista que se podr\u00e1 disfrutar todos los viernes y domingos de enero y febrero a las 21.30 hs. El costo de la entrada es de $1000 [&hellip;]<\/p>\n","protected":false},"author":4,"featured_media":113639,"comment_status":"closed","ping_status":"closed","sticky":false,"template":"","format":"standard","meta":{"om_disable_all_campaigns":false,"_jetpack_memberships_contains_paid_content":false,"footnotes":""},"categories":[50,101,2],"tags":[197,696,33,19],"class_list":["post-113638","post","type-post","status-publish","format-standard","has-post-thumbnail","hentry","category-destacadas","category-interes-general-locales","category-locales","tag-buenos-aires","tag-interes-general","tag-locales","tag-san-pedro"],"aioseo_notices":[],"gutentor_comment":0,"jetpack_featured_media_url":"https:\/\/eldiariodesanpedro.com.ar\/sitio\/wp-content\/uploads\/2023\/01\/WhatsApp-Image-2023-01-02-at-11.48.29.jpeg","jetpack_shortlink":"https:\/\/wp.me\/p6RhLt-tyS","jetpack_sharing_enabled":true,"_links":{"self":[{"href":"https:\/\/eldiariodesanpedro.com.ar\/sitio\/wp-json\/wp\/v2\/posts\/113638","targetHints":{"allow":["GET"]}}],"collection":[{"href":"https:\/\/eldiariodesanpedro.com.ar\/sitio\/wp-json\/wp\/v2\/posts"}],"about":[{"href":"https:\/\/eldiariodesanpedro.com.ar\/sitio\/wp-json\/wp\/v2\/types\/post"}],"author":[{"embeddable":true,"href":"https:\/\/eldiariodesanpedro.com.ar\/sitio\/wp-json\/wp\/v2\/users\/4"}],"replies":[{"embeddable":true,"href":"https:\/\/eldiariodesanpedro.com.ar\/sitio\/wp-json\/wp\/v2\/comments?post=113638"}],"version-history":[{"count":1,"href":"https:\/\/eldiariodesanpedro.com.ar\/sitio\/wp-json\/wp\/v2\/posts\/113638\/revisions"}],"predecessor-version":[{"id":113640,"href":"https:\/\/eldiariodesanpedro.com.ar\/sitio\/wp-json\/wp\/v2\/posts\/113638\/revisions\/113640"}],"wp:featuredmedia":[{"embeddable":true,"href":"https:\/\/eldiariodesanpedro.com.ar\/sitio\/wp-json\/wp\/v2\/media\/113639"}],"wp:attachment":[{"href":"https:\/\/eldiariodesanpedro.com.ar\/sitio\/wp-json\/wp\/v2\/media?parent=113638"}],"wp:term":[{"taxonomy":"category","embeddable":true,"href":"https:\/\/eldiariodesanpedro.com.ar\/sitio\/wp-json\/wp\/v2\/categories?post=113638"},{"taxonomy":"post_tag","embeddable":true,"href":"https:\/\/eldiariodesanpedro.com.ar\/sitio\/wp-json\/wp\/v2\/tags?post=113638"}],"curies":[{"name":"wp","href":"https:\/\/api.w.org\/{rel}","templated":true}]}}