{"id":113636,"date":"2023-01-02T22:18:32","date_gmt":"2023-01-03T01:18:32","guid":{"rendered":"https:\/\/eldiariodesanpedro.com.ar\/sitio\/?p=113636"},"modified":"2023-01-02T22:18:34","modified_gmt":"2023-01-03T01:18:34","slug":"abuso-sexual-condenaron-a-10-anos-de-prision-al-ex-comisario-claudio-sarlo","status":"publish","type":"post","link":"https:\/\/eldiariodesanpedro.com.ar\/sitio\/abuso-sexual-condenaron-a-10-anos-de-prision-al-ex-comisario-claudio-sarlo\/","title":{"rendered":"Abuso sexual: Condenaron a 10 a\u00f1os de prisi\u00f3n al ex comisario Claudio Sarlo"},"content":{"rendered":"<!-- VideographyWP Plugin Message: Automatic video embedding prevented by plugin options. -->\n\n<p>El hecho ocurri\u00f3 en Santa Luc\u00eda y hab\u00eda sido denunciado por su sobrina en el a\u00f1o 2014. Adem\u00e1s deber\u00e1 abonar una fuerte suma de dinero.<\/p>\n\n\n\n<p>Mediante el sistema de juicio abreviado del que formaron parte el fiscal Marcelo Manso, la defensa particular del imputado y el Tribunal, fue acordada una pena contra el ex comisario y especialista en explosivos de la polic\u00eda Bonaerense Claudio Sarlo por el delito de abuso sexual gravemente ultrajante.<\/p>\n\n\n\n<p>El ex funcionario fue condenado a 10 a\u00f1os de prisi\u00f3n en suspenso adem\u00e1s de tener que abonar 14 millones de pesos.<\/p>\n\n\n\n<p>La medida le permitir\u00e1 a Sarlo continuar en libertad al menos hasta que quede firme la condena, luego s\u00ed deber\u00e1 cumplir la totalidad de la pena en prisi\u00f3n.<\/p>\n\n\n\n<p>El ex polic\u00eda hab\u00eda sido denunciado por su sobrina Bel\u00e9n L\u00f3pez Peir\u00f3 en el a\u00f1o 2014, qui\u00e9n en su momento hizo p\u00fablica la aberrante situaci\u00f3n que le toc\u00f3 vivir cuando ven\u00eda a pasar unos d\u00edas a la casa de su t\u00edo en Santa Luc\u00eda. Es m\u00e1s, adem\u00e1s de contar lo que le sucedi\u00f3 en un medio capitalismo, public\u00f3 un libro que titul\u00f3 \u00abPorque Ven\u00edas Cada Verano\u00bb en d\u00f3nde describi\u00f3 en detalle lo que le toc\u00f3 padecer.<\/p>\n","protected":false},"excerpt":{"rendered":"<p>El hecho ocurri\u00f3 en Santa Luc\u00eda y hab\u00eda sido denunciado por su sobrina en el a\u00f1o 2014. Adem\u00e1s deber\u00e1 abonar una fuerte suma de dinero. Mediante el sistema de juicio abreviado del que formaron parte el fiscal Marcelo Manso, la defensa particular del imputado y el Tribunal, fue acordada una pena contra el ex comisario [&hellip;]<\/p>\n","protected":false},"author":4,"featured_media":77441,"comment_status":"closed","ping_status":"closed","sticky":false,"template":"","format":"standard","meta":{"om_disable_all_campaigns":false,"_jetpack_memberships_contains_paid_content":false,"footnotes":""},"categories":[50,101,2],"tags":[197,696,33,19],"class_list":["post-113636","post","type-post","status-publish","format-standard","has-post-thumbnail","hentry","category-destacadas","category-interes-general-locales","category-locales","tag-buenos-aires","tag-interes-general","tag-locales","tag-san-pedro"],"aioseo_notices":[],"gutentor_comment":0,"jetpack_featured_media_url":"https:\/\/eldiariodesanpedro.com.ar\/sitio\/wp-content\/uploads\/2020\/07\/fiscalia_0.jpg","jetpack_shortlink":"https:\/\/wp.me\/p6RhLt-tyQ","jetpack_sharing_enabled":true,"_links":{"self":[{"href":"https:\/\/eldiariodesanpedro.com.ar\/sitio\/wp-json\/wp\/v2\/posts\/113636","targetHints":{"allow":["GET"]}}],"collection":[{"href":"https:\/\/eldiariodesanpedro.com.ar\/sitio\/wp-json\/wp\/v2\/posts"}],"about":[{"href":"https:\/\/eldiariodesanpedro.com.ar\/sitio\/wp-json\/wp\/v2\/types\/post"}],"author":[{"embeddable":true,"href":"https:\/\/eldiariodesanpedro.com.ar\/sitio\/wp-json\/wp\/v2\/users\/4"}],"replies":[{"embeddable":true,"href":"https:\/\/eldiariodesanpedro.com.ar\/sitio\/wp-json\/wp\/v2\/comments?post=113636"}],"version-history":[{"count":1,"href":"https:\/\/eldiariodesanpedro.com.ar\/sitio\/wp-json\/wp\/v2\/posts\/113636\/revisions"}],"predecessor-version":[{"id":113637,"href":"https:\/\/eldiariodesanpedro.com.ar\/sitio\/wp-json\/wp\/v2\/posts\/113636\/revisions\/113637"}],"wp:featuredmedia":[{"embeddable":true,"href":"https:\/\/eldiariodesanpedro.com.ar\/sitio\/wp-json\/wp\/v2\/media\/77441"}],"wp:attachment":[{"href":"https:\/\/eldiariodesanpedro.com.ar\/sitio\/wp-json\/wp\/v2\/media?parent=113636"}],"wp:term":[{"taxonomy":"category","embeddable":true,"href":"https:\/\/eldiariodesanpedro.com.ar\/sitio\/wp-json\/wp\/v2\/categories?post=113636"},{"taxonomy":"post_tag","embeddable":true,"href":"https:\/\/eldiariodesanpedro.com.ar\/sitio\/wp-json\/wp\/v2\/tags?post=113636"}],"curies":[{"name":"wp","href":"https:\/\/api.w.org\/{rel}","templated":true}]}}