{"id":113633,"date":"2023-01-02T22:11:05","date_gmt":"2023-01-03T01:11:05","guid":{"rendered":"https:\/\/eldiariodesanpedro.com.ar\/sitio\/?p=113633"},"modified":"2023-01-02T22:11:07","modified_gmt":"2023-01-03T01:11:07","slug":"pedido-de-oracion-para-florencia-casado-que-se-encuentra-en-estado-grave-en-el-nosocomio-local","status":"publish","type":"post","link":"https:\/\/eldiariodesanpedro.com.ar\/sitio\/pedido-de-oracion-para-florencia-casado-que-se-encuentra-en-estado-grave-en-el-nosocomio-local\/","title":{"rendered":"Pedido de oraci\u00f3n para Florencia Casado que se encuentra en estado grave en el nosocomio local"},"content":{"rendered":"<!-- VideographyWP Plugin Message: Automatic video embedding prevented by plugin options. -->\n\n<p>La familia y amigos de Florencia Casado a trav\u00e9s de los redes sociales solicitaron cadena de oraci\u00f3n para la joven de 26 a\u00f1os de edad que se encuentra en grave estado en el hospital Emilio Ruffa.<\/p>\n","protected":false},"excerpt":{"rendered":"<p>La familia y amigos de Florencia Casado a trav\u00e9s de los redes sociales solicitaron cadena de oraci\u00f3n para la joven de 26 a\u00f1os de edad que se encuentra en grave estado en el hospital Emilio Ruffa.<\/p>\n","protected":false},"author":4,"featured_media":113634,"comment_status":"closed","ping_status":"closed","sticky":false,"template":"","format":"standard","meta":{"om_disable_all_campaigns":false,"_jetpack_memberships_contains_paid_content":false,"footnotes":""},"categories":[50,101,2],"tags":[197,696,33,19],"class_list":["post-113633","post","type-post","status-publish","format-standard","has-post-thumbnail","hentry","category-destacadas","category-interes-general-locales","category-locales","tag-buenos-aires","tag-interes-general","tag-locales","tag-san-pedro"],"aioseo_notices":[],"gutentor_comment":0,"jetpack_featured_media_url":"https:\/\/eldiariodesanpedro.com.ar\/sitio\/wp-content\/uploads\/2023\/01\/medida-1.png","jetpack_shortlink":"https:\/\/wp.me\/p6RhLt-tyN","jetpack_sharing_enabled":true,"_links":{"self":[{"href":"https:\/\/eldiariodesanpedro.com.ar\/sitio\/wp-json\/wp\/v2\/posts\/113633","targetHints":{"allow":["GET"]}}],"collection":[{"href":"https:\/\/eldiariodesanpedro.com.ar\/sitio\/wp-json\/wp\/v2\/posts"}],"about":[{"href":"https:\/\/eldiariodesanpedro.com.ar\/sitio\/wp-json\/wp\/v2\/types\/post"}],"author":[{"embeddable":true,"href":"https:\/\/eldiariodesanpedro.com.ar\/sitio\/wp-json\/wp\/v2\/users\/4"}],"replies":[{"embeddable":true,"href":"https:\/\/eldiariodesanpedro.com.ar\/sitio\/wp-json\/wp\/v2\/comments?post=113633"}],"version-history":[{"count":1,"href":"https:\/\/eldiariodesanpedro.com.ar\/sitio\/wp-json\/wp\/v2\/posts\/113633\/revisions"}],"predecessor-version":[{"id":113635,"href":"https:\/\/eldiariodesanpedro.com.ar\/sitio\/wp-json\/wp\/v2\/posts\/113633\/revisions\/113635"}],"wp:featuredmedia":[{"embeddable":true,"href":"https:\/\/eldiariodesanpedro.com.ar\/sitio\/wp-json\/wp\/v2\/media\/113634"}],"wp:attachment":[{"href":"https:\/\/eldiariodesanpedro.com.ar\/sitio\/wp-json\/wp\/v2\/media?parent=113633"}],"wp:term":[{"taxonomy":"category","embeddable":true,"href":"https:\/\/eldiariodesanpedro.com.ar\/sitio\/wp-json\/wp\/v2\/categories?post=113633"},{"taxonomy":"post_tag","embeddable":true,"href":"https:\/\/eldiariodesanpedro.com.ar\/sitio\/wp-json\/wp\/v2\/tags?post=113633"}],"curies":[{"name":"wp","href":"https:\/\/api.w.org\/{rel}","templated":true}]}}