{"id":113630,"date":"2023-01-02T11:12:23","date_gmt":"2023-01-02T14:12:23","guid":{"rendered":"https:\/\/eldiariodesanpedro.com.ar\/sitio\/?p=113630"},"modified":"2023-01-02T11:12:25","modified_gmt":"2023-01-02T14:12:25","slug":"no-ocurrieron-incidentes-en-los-festejos-del-ano-nuevo","status":"publish","type":"post","link":"https:\/\/eldiariodesanpedro.com.ar\/sitio\/no-ocurrieron-incidentes-en-los-festejos-del-ano-nuevo\/","title":{"rendered":"No ocurrieron incidentes en los festejos del a\u00f1o nuevo"},"content":{"rendered":"<!-- VideographyWP Plugin Message: Automatic video embedding prevented by plugin options. -->\n\n<p>El operativo de tr\u00e1nsito y nocturnidad desarrollado por la Secretar\u00eda de Seguridad en la ciudad de San Pedro y alrededores transcurri\u00f3 sin mayores inconvenientes y sin incidentes graves.&nbsp;<\/p>\n\n\n\n<p>Los mayores puntos de concentraci\u00f3n se registraron, como es habitual, en la zona pr\u00f3xima a la plazoleta Fray Cayetano Rodr\u00edguez y en el acceso a la ciudad por Ruta 191, a la entrada y la salida de la megafiesta organizada por empresarios locales.&nbsp;<a><\/a><\/p>\n\n\n\n<p>El titular del \u00e1rea, Juan Carlos Ag\u00fcero, confirm\u00f3 que \u00aben la \u00abmedia luna\u00bb hubo bastante gente pero sin problemas, en la zona c\u00e9ntrica lo mismo y en cercan\u00edas del lugar del evento se llev\u00f3 adelante un dispositivo a cargo del Director de Tr\u00e1nsito Angel Burgos y el Comisario Germ\u00e1n Pahuasi\u00bb.&nbsp;<\/p>\n\n\n\n<p>Ag\u00fcero precis\u00f3 que \u00abel dispositivo funcion\u00f3 seg\u00fan lo previsto, con un corte a la par del predio para desviar los veh\u00edculos al camino de tierra paralelo a la Ruta 191, as\u00ed que el despliegue con los j\u00f3venes que salieron fue sin mayores problemas\u00bb.&nbsp;<\/p>\n\n\n\n<p>Como es habitual en grandes concentraciones de gente, hubo algunos trasladados a la Comisar\u00eda en el marco de la aplicaci\u00f3n de los art\u00edculos 72 y 74 de la Ley 8.031 (ebriedad y desorden).&nbsp;<\/p>\n\n\n\n<p>En materia de tr\u00e1nsito, hubo solo dos inconvenientes destacables. El conductor de un veh\u00edculo que circulaba a alta velocidad se detuvo repentinamente al ver el operativo. El control de alcoholemia arroj\u00f3 positivo, por lo que fue infraccionado. Tambi\u00e9n en la zona c\u00e9ntrica fue secuestrado un veh\u00edculo cuyo conductor estaba realizando maniobras peligrosas mientras conduc\u00eda alcoholizado.&nbsp;<\/p>\n\n\n\n<p>Ag\u00fcero felicit\u00f3 a \u00abtodo el personal por la tarea desarrollada, fundamentalmente en el caso de Burgos y Pahuasi que realizaron un trabajo impecable\u00bb.&nbsp;<\/p>\n","protected":false},"excerpt":{"rendered":"<p>El operativo de tr\u00e1nsito y nocturnidad desarrollado por la Secretar\u00eda de Seguridad en la ciudad de San Pedro y alrededores transcurri\u00f3 sin mayores inconvenientes y sin incidentes graves.&nbsp; Los mayores puntos de concentraci\u00f3n se registraron, como es habitual, en la zona pr\u00f3xima a la plazoleta Fray Cayetano Rodr\u00edguez y en el acceso a la ciudad [&hellip;]<\/p>\n","protected":false},"author":4,"featured_media":113631,"comment_status":"closed","ping_status":"closed","sticky":false,"template":"","format":"standard","meta":{"om_disable_all_campaigns":false,"_jetpack_memberships_contains_paid_content":false,"footnotes":""},"categories":[50,101,2],"tags":[197,696,33,19],"class_list":["post-113630","post","type-post","status-publish","format-standard","has-post-thumbnail","hentry","category-destacadas","category-interes-general-locales","category-locales","tag-buenos-aires","tag-interes-general","tag-locales","tag-san-pedro"],"aioseo_notices":[],"gutentor_comment":0,"jetpack_featured_media_url":"https:\/\/eldiariodesanpedro.com.ar\/sitio\/wp-content\/uploads\/2023\/01\/DSC_0187.jpg","jetpack_shortlink":"https:\/\/wp.me\/p6RhLt-tyK","jetpack_sharing_enabled":true,"_links":{"self":[{"href":"https:\/\/eldiariodesanpedro.com.ar\/sitio\/wp-json\/wp\/v2\/posts\/113630","targetHints":{"allow":["GET"]}}],"collection":[{"href":"https:\/\/eldiariodesanpedro.com.ar\/sitio\/wp-json\/wp\/v2\/posts"}],"about":[{"href":"https:\/\/eldiariodesanpedro.com.ar\/sitio\/wp-json\/wp\/v2\/types\/post"}],"author":[{"embeddable":true,"href":"https:\/\/eldiariodesanpedro.com.ar\/sitio\/wp-json\/wp\/v2\/users\/4"}],"replies":[{"embeddable":true,"href":"https:\/\/eldiariodesanpedro.com.ar\/sitio\/wp-json\/wp\/v2\/comments?post=113630"}],"version-history":[{"count":1,"href":"https:\/\/eldiariodesanpedro.com.ar\/sitio\/wp-json\/wp\/v2\/posts\/113630\/revisions"}],"predecessor-version":[{"id":113632,"href":"https:\/\/eldiariodesanpedro.com.ar\/sitio\/wp-json\/wp\/v2\/posts\/113630\/revisions\/113632"}],"wp:featuredmedia":[{"embeddable":true,"href":"https:\/\/eldiariodesanpedro.com.ar\/sitio\/wp-json\/wp\/v2\/media\/113631"}],"wp:attachment":[{"href":"https:\/\/eldiariodesanpedro.com.ar\/sitio\/wp-json\/wp\/v2\/media?parent=113630"}],"wp:term":[{"taxonomy":"category","embeddable":true,"href":"https:\/\/eldiariodesanpedro.com.ar\/sitio\/wp-json\/wp\/v2\/categories?post=113630"},{"taxonomy":"post_tag","embeddable":true,"href":"https:\/\/eldiariodesanpedro.com.ar\/sitio\/wp-json\/wp\/v2\/tags?post=113630"}],"curies":[{"name":"wp","href":"https:\/\/api.w.org\/{rel}","templated":true}]}}